{"id":102600,"date":"2021-12-29T18:17:55","date_gmt":"2021-12-29T21:17:55","guid":{"rendered":"https:\/\/eldiariodesanpedro.com.ar\/sitio\/?p=102600"},"modified":"2021-12-29T18:17:58","modified_gmt":"2021-12-29T21:17:58","slug":"dos-ninos-de-12-y-14-anos-aprehendidos-con-una-bici-plantas-y-una-pala-robada","status":"publish","type":"post","link":"https:\/\/eldiariodesanpedro.com.ar\/sitio\/dos-ninos-de-12-y-14-anos-aprehendidos-con-una-bici-plantas-y-una-pala-robada\/","title":{"rendered":"Dos ni\u00f1os de 12 y 14 a\u00f1os aprehendidos con una bici, plantas y una pala robada"},"content":{"rendered":"<!-- VideographyWP Plugin Message: Automatic video embedding prevented by plugin options. -->\n\n<p>En la ma\u00f1ana de ayer el personal de la comisar\u00eda local se hace presente en callej\u00f3n pascual y las v\u00edas donde logr\u00f3 aprehender a dos j\u00f3venes 12 y 14 a\u00f1os que circulaban en bicicleta tipo de paseo a quien le secuestran en su poder dos \u00e1rboles de para\u00edso y una pala sustra\u00eddos de vivero Mahilyn ubicado en el lugar y que se encontraban plantadas para la venta.<\/p>\n\n\n\n<p>Las plantas fueron arrancadas de tal forma que no sirven para ser trasplantadas.&nbsp;<\/p>\n\n\n\n<p>Se movilizaban en senda bicicleta y se secuestr\u00f3 una pala de punta.<\/p>\n","protected":false},"excerpt":{"rendered":"<p>En la ma\u00f1ana de ayer el personal de la comisar\u00eda local se hace presente en callej\u00f3n pascual y las v\u00edas donde logr\u00f3 aprehender a dos j\u00f3venes 12 y 14 a\u00f1os que circulaban en bicicleta tipo de paseo a quien le secuestran en su poder dos \u00e1rboles de para\u00edso y una pala sustra\u00eddos de vivero Mahilyn [&hellip;]<\/p>\n","protected":false},"author":4,"featured_media":102601,"comment_status":"closed","ping_status":"closed","sticky":false,"template":"","format":"standard","meta":{"om_disable_all_campaigns":false,"_jetpack_memberships_contains_paid_content":false,"footnotes":""},"categories":[2,103],"tags":[197,2591,33,2592,95,19],"class_list":["post-102600","post","type-post","status-publish","format-standard","has-post-thumbnail","hentry","category-locales","category-policiales-locales","tag-buenos-aires","tag-dos-ninos-de-12-y-14-anos-aprehendidos-con-una-bici","tag-locales","tag-plantas-y-una-pala-robada","tag-policiales","tag-san-pedro"],"aioseo_notices":[],"gutentor_comment":0,"jetpack_featured_media_url":"https:\/\/eldiariodesanpedro.com.ar\/sitio\/wp-content\/uploads\/2021\/12\/robo-bici.jpg","jetpack_shortlink":"https:\/\/wp.me\/p6RhLt-qGQ","jetpack_sharing_enabled":true,"_links":{"self":[{"href":"https:\/\/eldiariodesanpedro.com.ar\/sitio\/wp-json\/wp\/v2\/posts\/102600","targetHints":{"allow":["GET"]}}],"collection":[{"href":"https:\/\/eldiariodesanpedro.com.ar\/sitio\/wp-json\/wp\/v2\/posts"}],"about":[{"href":"https:\/\/eldiariodesanpedro.com.ar\/sitio\/wp-json\/wp\/v2\/types\/post"}],"author":[{"embeddable":true,"href":"https:\/\/eldiariodesanpedro.com.ar\/sitio\/wp-json\/wp\/v2\/users\/4"}],"replies":[{"embeddable":true,"href":"https:\/\/eldiariodesanpedro.com.ar\/sitio\/wp-json\/wp\/v2\/comments?post=102600"}],"version-history":[{"count":1,"href":"https:\/\/eldiariodesanpedro.com.ar\/sitio\/wp-json\/wp\/v2\/posts\/102600\/revisions"}],"predecessor-version":[{"id":102602,"href":"https:\/\/eldiariodesanpedro.com.ar\/sitio\/wp-json\/wp\/v2\/posts\/102600\/revisions\/102602"}],"wp:featuredmedia":[{"embeddable":true,"href":"https:\/\/eldiariodesanpedro.com.ar\/sitio\/wp-json\/wp\/v2\/media\/102601"}],"wp:attachment":[{"href":"https:\/\/eldiariodesanpedro.com.ar\/sitio\/wp-json\/wp\/v2\/media?parent=102600"}],"wp:term":[{"taxonomy":"category","embeddable":true,"href":"https:\/\/eldiariodesanpedro.com.ar\/sitio\/wp-json\/wp\/v2\/categories?post=102600"},{"taxonomy":"post_tag","embeddable":true,"href":"https:\/\/eldiariodesanpedro.com.ar\/sitio\/wp-json\/wp\/v2\/tags?post=102600"}],"curies":[{"name":"wp","href":"https:\/\/api.w.org\/{rel}","templated":true}]}}