{"id":102595,"date":"2021-12-29T17:27:04","date_gmt":"2021-12-29T20:27:04","guid":{"rendered":"https:\/\/eldiariodesanpedro.com.ar\/sitio\/?p=102595"},"modified":"2021-12-29T17:27:07","modified_gmt":"2021-12-29T20:27:07","slug":"tres-menores-de-13-14-y-15-anos-entraron-a-una-vivienda-en-pleno-centro-y-robaron-un-automovil","status":"publish","type":"post","link":"https:\/\/eldiariodesanpedro.com.ar\/sitio\/tres-menores-de-13-14-y-15-anos-entraron-a-una-vivienda-en-pleno-centro-y-robaron-un-automovil\/","title":{"rendered":"Tres menores de 13, 14  y 15 a\u00f1os entraron a una vivienda en pleno centro y robaron un autom\u00f3vil"},"content":{"rendered":"<!-- VideographyWP Plugin Message: Automatic video embedding prevented by plugin options. -->\n\n<p>En las primeras horas de la ma\u00f1ana de hoy, el personal policial de la comisar\u00eda alertada de un hecho de robo y tras r\u00e1pido accionar en operativo cerrojo en el Paseo P\u00fablico, calle Bvar. Paran\u00e1 S\/N San Pedro, aprehendi\u00f3 a tres j\u00f3venes delincuentes de 13, 14, y 15 a\u00f1os de edad, quienes fugaron tras abandonar el autom\u00f3vil que se buscaba en poder de los mismos se procedi\u00f3 al secuestro de dos tel\u00e9fonos celulares, un reloj y dinero en efectivo.&nbsp;<\/p>\n\n\n\n<p>Tanto el auto como los efectos secuestrados, fueron objeto de il\u00edcito, momentos antes de una vivienda ubicada en pleno centro de la ciudad, calle Tucum\u00e1n al 100.&nbsp;<\/p>\n\n\n\n<p>Seg\u00fan coment\u00f3 la v\u00edctima en su declaraci\u00f3n posterior al procedimiento policial que dorm\u00eda en su domicilio, y sin percatarse, los delincuentes ingresaron por una ventana sustrayendo los tel\u00e9fonos, dinero y reloj, como as\u00ed su autom\u00f3vil estacionado en el frente de la vivienda.<\/p>\n\n\n\n<figure class=\"wp-block-image size-full\"><img decoding=\"async\" width=\"640\" height=\"346\" data-attachment-id=\"102598\" data-permalink=\"https:\/\/eldiariodesanpedro.com.ar\/sitio\/tres-menores-de-13-14-y-15-anos-entraron-a-una-vivienda-en-pleno-centro-y-robaron-un-automovil\/whatsapp-image-2021-12-29-at-11-03-39\/\" data-orig-file=\"https:\/\/eldiariodesanpedro.com.ar\/sitio\/wp-content\/uploads\/2021\/12\/WhatsApp-Image-2021-12-29-at-11.03.39.jpeg\" data-orig-size=\"640,346\" data-comments-opened=\"0\" data-image-meta=\"{&quot;aperture&quot;:&quot;0&quot;,&quot;credit&quot;:&quot;&quot;,&quot;camera&quot;:&quot;&quot;,&quot;caption&quot;:&quot;&quot;,&quot;created_timestamp&quot;:&quot;0&quot;,&quot;copyright&quot;:&quot;&quot;,&quot;focal_length&quot;:&quot;0&quot;,&quot;iso&quot;:&quot;0&quot;,&quot;shutter_speed&quot;:&quot;0&quot;,&quot;title&quot;:&quot;&quot;,&quot;orientation&quot;:&quot;0&quot;}\" data-image-title=\"WhatsApp Image 2021-12-29 at 11.03.39\" data-image-description=\"\" data-image-caption=\"\" data-large-file=\"https:\/\/eldiariodesanpedro.com.ar\/sitio\/wp-content\/uploads\/2021\/12\/WhatsApp-Image-2021-12-29-at-11.03.39.jpeg\" data-src=\"https:\/\/eldiariodesanpedro.com.ar\/sitio\/wp-content\/uploads\/2021\/12\/WhatsApp-Image-2021-12-29-at-11.03.39.jpeg\" alt=\"\" class=\"wp-image-102598 lazyload\" data-srcset=\"https:\/\/eldiariodesanpedro.com.ar\/sitio\/wp-content\/uploads\/2021\/12\/WhatsApp-Image-2021-12-29-at-11.03.39.jpeg 640w, https:\/\/eldiariodesanpedro.com.ar\/sitio\/wp-content\/uploads\/2021\/12\/WhatsApp-Image-2021-12-29-at-11.03.39-300x162.jpeg 300w\" data-sizes=\"(max-width: 640px) 100vw, 640px\" src=\"data:image\/svg+xml;base64,PHN2ZyB3aWR0aD0iMSIgaGVpZ2h0PSIxIiB4bWxucz0iaHR0cDovL3d3dy53My5vcmcvMjAwMC9zdmciPjwvc3ZnPg==\" style=\"--smush-placeholder-width: 640px; --smush-placeholder-aspect-ratio: 640\/346;\" \/><\/figure>\n\n\n\n<figure class=\"wp-block-image size-full\"><img decoding=\"async\" width=\"495\" height=\"630\" data-attachment-id=\"102597\" data-permalink=\"https:\/\/eldiariodesanpedro.com.ar\/sitio\/tres-menores-de-13-14-y-15-anos-entraron-a-una-vivienda-en-pleno-centro-y-robaron-un-automovil\/whatsapp-image-2021-12-29-at-11-03-25\/\" data-orig-file=\"https:\/\/eldiariodesanpedro.com.ar\/sitio\/wp-content\/uploads\/2021\/12\/WhatsApp-Image-2021-12-29-at-11.03.25.jpeg\" data-orig-size=\"495,630\" data-comments-opened=\"0\" data-image-meta=\"{&quot;aperture&quot;:&quot;0&quot;,&quot;credit&quot;:&quot;&quot;,&quot;camera&quot;:&quot;&quot;,&quot;caption&quot;:&quot;&quot;,&quot;created_timestamp&quot;:&quot;0&quot;,&quot;copyright&quot;:&quot;&quot;,&quot;focal_length&quot;:&quot;0&quot;,&quot;iso&quot;:&quot;0&quot;,&quot;shutter_speed&quot;:&quot;0&quot;,&quot;title&quot;:&quot;&quot;,&quot;orientation&quot;:&quot;0&quot;}\" data-image-title=\"WhatsApp Image 2021-12-29 at 11.03.25\" data-image-description=\"\" data-image-caption=\"\" data-large-file=\"https:\/\/eldiariodesanpedro.com.ar\/sitio\/wp-content\/uploads\/2021\/12\/WhatsApp-Image-2021-12-29-at-11.03.25.jpeg\" data-src=\"https:\/\/eldiariodesanpedro.com.ar\/sitio\/wp-content\/uploads\/2021\/12\/WhatsApp-Image-2021-12-29-at-11.03.25.jpeg\" alt=\"\" class=\"wp-image-102597 lazyload\" data-srcset=\"https:\/\/eldiariodesanpedro.com.ar\/sitio\/wp-content\/uploads\/2021\/12\/WhatsApp-Image-2021-12-29-at-11.03.25.jpeg 495w, https:\/\/eldiariodesanpedro.com.ar\/sitio\/wp-content\/uploads\/2021\/12\/WhatsApp-Image-2021-12-29-at-11.03.25-236x300.jpeg 236w\" data-sizes=\"(max-width: 495px) 100vw, 495px\" src=\"data:image\/svg+xml;base64,PHN2ZyB3aWR0aD0iMSIgaGVpZ2h0PSIxIiB4bWxucz0iaHR0cDovL3d3dy53My5vcmcvMjAwMC9zdmciPjwvc3ZnPg==\" style=\"--smush-placeholder-width: 495px; --smush-placeholder-aspect-ratio: 495\/630;\" \/><\/figure>\n","protected":false},"excerpt":{"rendered":"<p>En las primeras horas de la ma\u00f1ana de hoy, el personal policial de la comisar\u00eda alertada de un hecho de robo y tras r\u00e1pido accionar en operativo cerrojo en el Paseo P\u00fablico, calle Bvar. Paran\u00e1 S\/N San Pedro, aprehendi\u00f3 a tres j\u00f3venes delincuentes de 13, 14, y 15 a\u00f1os de edad, quienes fugaron tras abandonar [&hellip;]<\/p>\n","protected":false},"author":4,"featured_media":102596,"comment_status":"closed","ping_status":"closed","sticky":false,"template":"","format":"standard","meta":{"om_disable_all_campaigns":false,"_jetpack_memberships_contains_paid_content":false,"footnotes":""},"categories":[50,2,103],"tags":[197,696,33,19],"class_list":["post-102595","post","type-post","status-publish","format-standard","has-post-thumbnail","hentry","category-destacadas","category-locales","category-policiales-locales","tag-buenos-aires","tag-interes-general","tag-locales","tag-san-pedro"],"aioseo_notices":[],"gutentor_comment":0,"jetpack_featured_media_url":"https:\/\/eldiariodesanpedro.com.ar\/sitio\/wp-content\/uploads\/2021\/12\/medida-2.png","jetpack_shortlink":"https:\/\/wp.me\/p6RhLt-qGL","jetpack_sharing_enabled":true,"_links":{"self":[{"href":"https:\/\/eldiariodesanpedro.com.ar\/sitio\/wp-json\/wp\/v2\/posts\/102595","targetHints":{"allow":["GET"]}}],"collection":[{"href":"https:\/\/eldiariodesanpedro.com.ar\/sitio\/wp-json\/wp\/v2\/posts"}],"about":[{"href":"https:\/\/eldiariodesanpedro.com.ar\/sitio\/wp-json\/wp\/v2\/types\/post"}],"author":[{"embeddable":true,"href":"https:\/\/eldiariodesanpedro.com.ar\/sitio\/wp-json\/wp\/v2\/users\/4"}],"replies":[{"embeddable":true,"href":"https:\/\/eldiariodesanpedro.com.ar\/sitio\/wp-json\/wp\/v2\/comments?post=102595"}],"version-history":[{"count":1,"href":"https:\/\/eldiariodesanpedro.com.ar\/sitio\/wp-json\/wp\/v2\/posts\/102595\/revisions"}],"predecessor-version":[{"id":102599,"href":"https:\/\/eldiariodesanpedro.com.ar\/sitio\/wp-json\/wp\/v2\/posts\/102595\/revisions\/102599"}],"wp:featuredmedia":[{"embeddable":true,"href":"https:\/\/eldiariodesanpedro.com.ar\/sitio\/wp-json\/wp\/v2\/media\/102596"}],"wp:attachment":[{"href":"https:\/\/eldiariodesanpedro.com.ar\/sitio\/wp-json\/wp\/v2\/media?parent=102595"}],"wp:term":[{"taxonomy":"category","embeddable":true,"href":"https:\/\/eldiariodesanpedro.com.ar\/sitio\/wp-json\/wp\/v2\/categories?post=102595"},{"taxonomy":"post_tag","embeddable":true,"href":"https:\/\/eldiariodesanpedro.com.ar\/sitio\/wp-json\/wp\/v2\/tags?post=102595"}],"curies":[{"name":"wp","href":"https:\/\/api.w.org\/{rel}","templated":true}]}}