{"id":102583,"date":"2021-12-29T15:56:23","date_gmt":"2021-12-29T18:56:23","guid":{"rendered":"https:\/\/eldiariodesanpedro.com.ar\/sitio\/?p=102583"},"modified":"2021-12-29T15:56:25","modified_gmt":"2021-12-29T18:56:25","slug":"convenio-entre-la-municipalidad-de-san-pedro-y-el-servicio-nacional-de-sanidad-y-calidad-agroalimentaria","status":"publish","type":"post","link":"https:\/\/eldiariodesanpedro.com.ar\/sitio\/convenio-entre-la-municipalidad-de-san-pedro-y-el-servicio-nacional-de-sanidad-y-calidad-agroalimentaria\/","title":{"rendered":"Convenio entre la Municipalidad de San Pedro y el Servicio Nacional de Sanidad y Calidad Agroalimentaria"},"content":{"rendered":"<!-- VideographyWP Plugin Message: Automatic video embedding prevented by plugin options. -->\n\n<p>Esta ma\u00f1ana se firm\u00f3 el convenio entre la Municipalidad de San Pedro y el SENASA en el que se establece la cesi\u00f3n de un lote municipal con una superficie de 300 metros cuadrados ubicados en la Planta Depuradora con la finalidad de construir oficinas para el funcionamiento de la entidad.<\/p>\n\n\n\n<p>Seg\u00fan lo suscripto, la cesi\u00f3n ser\u00e1 por un plazo de 20 a\u00f1os a partir de la promulgaci\u00f3n de la Ordenanza que ser\u00e1 tratada en el Honorable Concejo Deliberante, con opci\u00f3n de extender 10 a\u00f1os m\u00e1s en caso de ser necesario y tendr\u00e1 un plazo constructivo de 2 a\u00f1os a partir de la fecha.<\/p>\n\n\n\n<p>Participaron del acto el Intendente Ram\u00f3n Salazar, el secretario de Obras, Planeamiento y Catastro Javier Silva y el director del Centro Regional Buenos Aires Norte del SENASA Emilio Pablo Iglesias Berrondo junto al Ingeniero Mauricio Piccagli y representantes de la entidad.<\/p>\n\n\n\n<figure class=\"wp-block-image size-full\"><img decoding=\"async\" width=\"1018\" height=\"630\" data-attachment-id=\"102584\" data-permalink=\"https:\/\/eldiariodesanpedro.com.ar\/sitio\/convenio-entre-la-municipalidad-de-san-pedro-y-el-servicio-nacional-de-sanidad-y-calidad-agroalimentaria\/whatsapp-image-2021-12-29-at-11-33-41-1\/\" data-orig-file=\"https:\/\/eldiariodesanpedro.com.ar\/sitio\/wp-content\/uploads\/2021\/12\/WhatsApp-Image-2021-12-29-at-11.33.41-1.jpeg\" data-orig-size=\"1018,630\" data-comments-opened=\"0\" data-image-meta=\"{&quot;aperture&quot;:&quot;0&quot;,&quot;credit&quot;:&quot;&quot;,&quot;camera&quot;:&quot;&quot;,&quot;caption&quot;:&quot;&quot;,&quot;created_timestamp&quot;:&quot;0&quot;,&quot;copyright&quot;:&quot;&quot;,&quot;focal_length&quot;:&quot;0&quot;,&quot;iso&quot;:&quot;0&quot;,&quot;shutter_speed&quot;:&quot;0&quot;,&quot;title&quot;:&quot;&quot;,&quot;orientation&quot;:&quot;0&quot;}\" data-image-title=\"WhatsApp Image 2021-12-29 at 11.33.41 (1)\" data-image-description=\"\" data-image-caption=\"\" data-large-file=\"https:\/\/eldiariodesanpedro.com.ar\/sitio\/wp-content\/uploads\/2021\/12\/WhatsApp-Image-2021-12-29-at-11.33.41-1.jpeg\" data-src=\"https:\/\/eldiariodesanpedro.com.ar\/sitio\/wp-content\/uploads\/2021\/12\/WhatsApp-Image-2021-12-29-at-11.33.41-1.jpeg\" alt=\"\" class=\"wp-image-102584 lazyload\" data-srcset=\"https:\/\/eldiariodesanpedro.com.ar\/sitio\/wp-content\/uploads\/2021\/12\/WhatsApp-Image-2021-12-29-at-11.33.41-1.jpeg 1018w, https:\/\/eldiariodesanpedro.com.ar\/sitio\/wp-content\/uploads\/2021\/12\/WhatsApp-Image-2021-12-29-at-11.33.41-1-300x186.jpeg 300w, https:\/\/eldiariodesanpedro.com.ar\/sitio\/wp-content\/uploads\/2021\/12\/WhatsApp-Image-2021-12-29-at-11.33.41-1-768x475.jpeg 768w\" data-sizes=\"(max-width: 1018px) 100vw, 1018px\" src=\"data:image\/svg+xml;base64,PHN2ZyB3aWR0aD0iMSIgaGVpZ2h0PSIxIiB4bWxucz0iaHR0cDovL3d3dy53My5vcmcvMjAwMC9zdmciPjwvc3ZnPg==\" style=\"--smush-placeholder-width: 1018px; --smush-placeholder-aspect-ratio: 1018\/630;\" \/><\/figure>\n\n\n\n<figure class=\"wp-block-image size-full\"><img decoding=\"async\" width=\"817\" height=\"630\" data-attachment-id=\"102586\" data-permalink=\"https:\/\/eldiariodesanpedro.com.ar\/sitio\/convenio-entre-la-municipalidad-de-san-pedro-y-el-servicio-nacional-de-sanidad-y-calidad-agroalimentaria\/whatsapp-image-2021-12-29-at-11-33-42\/\" data-orig-file=\"https:\/\/eldiariodesanpedro.com.ar\/sitio\/wp-content\/uploads\/2021\/12\/WhatsApp-Image-2021-12-29-at-11.33.42.jpeg\" data-orig-size=\"817,630\" data-comments-opened=\"0\" data-image-meta=\"{&quot;aperture&quot;:&quot;0&quot;,&quot;credit&quot;:&quot;&quot;,&quot;camera&quot;:&quot;&quot;,&quot;caption&quot;:&quot;&quot;,&quot;created_timestamp&quot;:&quot;0&quot;,&quot;copyright&quot;:&quot;&quot;,&quot;focal_length&quot;:&quot;0&quot;,&quot;iso&quot;:&quot;0&quot;,&quot;shutter_speed&quot;:&quot;0&quot;,&quot;title&quot;:&quot;&quot;,&quot;orientation&quot;:&quot;0&quot;}\" data-image-title=\"WhatsApp Image 2021-12-29 at 11.33.42\" data-image-description=\"\" data-image-caption=\"\" data-large-file=\"https:\/\/eldiariodesanpedro.com.ar\/sitio\/wp-content\/uploads\/2021\/12\/WhatsApp-Image-2021-12-29-at-11.33.42.jpeg\" data-src=\"https:\/\/eldiariodesanpedro.com.ar\/sitio\/wp-content\/uploads\/2021\/12\/WhatsApp-Image-2021-12-29-at-11.33.42.jpeg\" alt=\"\" class=\"wp-image-102586 lazyload\" data-srcset=\"https:\/\/eldiariodesanpedro.com.ar\/sitio\/wp-content\/uploads\/2021\/12\/WhatsApp-Image-2021-12-29-at-11.33.42.jpeg 817w, https:\/\/eldiariodesanpedro.com.ar\/sitio\/wp-content\/uploads\/2021\/12\/WhatsApp-Image-2021-12-29-at-11.33.42-300x231.jpeg 300w, https:\/\/eldiariodesanpedro.com.ar\/sitio\/wp-content\/uploads\/2021\/12\/WhatsApp-Image-2021-12-29-at-11.33.42-768x592.jpeg 768w\" data-sizes=\"(max-width: 817px) 100vw, 817px\" src=\"data:image\/svg+xml;base64,PHN2ZyB3aWR0aD0iMSIgaGVpZ2h0PSIxIiB4bWxucz0iaHR0cDovL3d3dy53My5vcmcvMjAwMC9zdmciPjwvc3ZnPg==\" style=\"--smush-placeholder-width: 817px; --smush-placeholder-aspect-ratio: 817\/630;\" \/><\/figure>\n\n\n\n<figure class=\"wp-block-image size-full\"><img decoding=\"async\" width=\"750\" height=\"630\" data-attachment-id=\"102587\" data-permalink=\"https:\/\/eldiariodesanpedro.com.ar\/sitio\/convenio-entre-la-municipalidad-de-san-pedro-y-el-servicio-nacional-de-sanidad-y-calidad-agroalimentaria\/whatsapp-image-2021-12-29-at-11-33-43\/\" data-orig-file=\"https:\/\/eldiariodesanpedro.com.ar\/sitio\/wp-content\/uploads\/2021\/12\/WhatsApp-Image-2021-12-29-at-11.33.43.jpeg\" data-orig-size=\"750,630\" data-comments-opened=\"0\" data-image-meta=\"{&quot;aperture&quot;:&quot;0&quot;,&quot;credit&quot;:&quot;&quot;,&quot;camera&quot;:&quot;&quot;,&quot;caption&quot;:&quot;&quot;,&quot;created_timestamp&quot;:&quot;0&quot;,&quot;copyright&quot;:&quot;&quot;,&quot;focal_length&quot;:&quot;0&quot;,&quot;iso&quot;:&quot;0&quot;,&quot;shutter_speed&quot;:&quot;0&quot;,&quot;title&quot;:&quot;&quot;,&quot;orientation&quot;:&quot;0&quot;}\" data-image-title=\"WhatsApp Image 2021-12-29 at 11.33.43\" data-image-description=\"\" data-image-caption=\"\" data-large-file=\"https:\/\/eldiariodesanpedro.com.ar\/sitio\/wp-content\/uploads\/2021\/12\/WhatsApp-Image-2021-12-29-at-11.33.43.jpeg\" data-src=\"https:\/\/eldiariodesanpedro.com.ar\/sitio\/wp-content\/uploads\/2021\/12\/WhatsApp-Image-2021-12-29-at-11.33.43.jpeg\" alt=\"\" class=\"wp-image-102587 lazyload\" data-srcset=\"https:\/\/eldiariodesanpedro.com.ar\/sitio\/wp-content\/uploads\/2021\/12\/WhatsApp-Image-2021-12-29-at-11.33.43.jpeg 750w, https:\/\/eldiariodesanpedro.com.ar\/sitio\/wp-content\/uploads\/2021\/12\/WhatsApp-Image-2021-12-29-at-11.33.43-300x252.jpeg 300w\" data-sizes=\"(max-width: 750px) 100vw, 750px\" src=\"data:image\/svg+xml;base64,PHN2ZyB3aWR0aD0iMSIgaGVpZ2h0PSIxIiB4bWxucz0iaHR0cDovL3d3dy53My5vcmcvMjAwMC9zdmciPjwvc3ZnPg==\" style=\"--smush-placeholder-width: 750px; --smush-placeholder-aspect-ratio: 750\/630;\" \/><\/figure>\n","protected":false},"excerpt":{"rendered":"<p>Esta ma\u00f1ana se firm\u00f3 el convenio entre la Municipalidad de San Pedro y el SENASA en el que se establece la cesi\u00f3n de un lote municipal con una superficie de 300 metros cuadrados ubicados en la Planta Depuradora con la finalidad de construir oficinas para el funcionamiento de la entidad. Seg\u00fan lo suscripto, la cesi\u00f3n [&hellip;]<\/p>\n","protected":false},"author":4,"featured_media":102585,"comment_status":"closed","ping_status":"closed","sticky":false,"template":"","format":"standard","meta":{"om_disable_all_campaigns":false,"_jetpack_memberships_contains_paid_content":false,"footnotes":""},"categories":[101,2],"tags":[197,2589,696,33,19],"class_list":["post-102583","post","type-post","status-publish","format-standard","has-post-thumbnail","hentry","category-interes-general-locales","category-locales","tag-buenos-aires","tag-convenio-entre-la-municipalidad-de-san-pedro-y-el-servicio-nacional-de-sanidad-y-calidad-agroalimentaria","tag-interes-general","tag-locales","tag-san-pedro"],"aioseo_notices":[],"gutentor_comment":0,"jetpack_featured_media_url":"https:\/\/eldiariodesanpedro.com.ar\/sitio\/wp-content\/uploads\/2021\/12\/WhatsApp-Image-2021-12-29-at-11.33.41.jpeg","jetpack_shortlink":"https:\/\/wp.me\/p6RhLt-qGz","jetpack_sharing_enabled":true,"_links":{"self":[{"href":"https:\/\/eldiariodesanpedro.com.ar\/sitio\/wp-json\/wp\/v2\/posts\/102583","targetHints":{"allow":["GET"]}}],"collection":[{"href":"https:\/\/eldiariodesanpedro.com.ar\/sitio\/wp-json\/wp\/v2\/posts"}],"about":[{"href":"https:\/\/eldiariodesanpedro.com.ar\/sitio\/wp-json\/wp\/v2\/types\/post"}],"author":[{"embeddable":true,"href":"https:\/\/eldiariodesanpedro.com.ar\/sitio\/wp-json\/wp\/v2\/users\/4"}],"replies":[{"embeddable":true,"href":"https:\/\/eldiariodesanpedro.com.ar\/sitio\/wp-json\/wp\/v2\/comments?post=102583"}],"version-history":[{"count":1,"href":"https:\/\/eldiariodesanpedro.com.ar\/sitio\/wp-json\/wp\/v2\/posts\/102583\/revisions"}],"predecessor-version":[{"id":102588,"href":"https:\/\/eldiariodesanpedro.com.ar\/sitio\/wp-json\/wp\/v2\/posts\/102583\/revisions\/102588"}],"wp:featuredmedia":[{"embeddable":true,"href":"https:\/\/eldiariodesanpedro.com.ar\/sitio\/wp-json\/wp\/v2\/media\/102585"}],"wp:attachment":[{"href":"https:\/\/eldiariodesanpedro.com.ar\/sitio\/wp-json\/wp\/v2\/media?parent=102583"}],"wp:term":[{"taxonomy":"category","embeddable":true,"href":"https:\/\/eldiariodesanpedro.com.ar\/sitio\/wp-json\/wp\/v2\/categories?post=102583"},{"taxonomy":"post_tag","embeddable":true,"href":"https:\/\/eldiariodesanpedro.com.ar\/sitio\/wp-json\/wp\/v2\/tags?post=102583"}],"curies":[{"name":"wp","href":"https:\/\/api.w.org\/{rel}","templated":true}]}}