{"id":102571,"date":"2021-12-29T15:43:28","date_gmt":"2021-12-29T18:43:28","guid":{"rendered":"https:\/\/eldiariodesanpedro.com.ar\/sitio\/?p=102571"},"modified":"2021-12-29T15:43:30","modified_gmt":"2021-12-29T18:43:30","slug":"el-gobernador-el-ministro-de-produccion-y-el-presidente-del-bapro-compartieron-un-auspicioso-encuentro-con-productores-y-dirigentes","status":"publish","type":"post","link":"https:\/\/eldiariodesanpedro.com.ar\/sitio\/el-gobernador-el-ministro-de-produccion-y-el-presidente-del-bapro-compartieron-un-auspicioso-encuentro-con-productores-y-dirigentes\/","title":{"rendered":"El Gobernador, el Ministro de Producci\u00f3n y el presidente del BAPRO compartieron un auspicioso encuentro con productores y dirigentes"},"content":{"rendered":"<!-- VideographyWP Plugin Message: Automatic video embedding prevented by plugin options. -->\n\n<p>El Gobernador de la Provincia de Buenos Aires, Axel Kicillof cerr\u00f3 su visita a San Pedro con un encuentro organizado desde la Municipalidad de San Pedro, que convoc\u00f3 en el predio sobre el que se proyecta el Parque Agroindustrial, a productores de la zona, dirigentes gremiales, representantes institucionales y referentes de sectores estrat\u00e9gicos de la comunidad.<\/p>\n\n\n\n<p>Junto al Gobernador, estuvieron entre otros el Ministro de Producci\u00f3n Augusto Costa y el Presidente del BAPRO Juan Miguel Cuattromo, acompa\u00f1ados por el actual integrante del directorio del Belgrano Cargas y hasta hace pocos d\u00edas Intendente de San Pedro Cecilio Salazar, el Intendente Ram\u00f3n Salazar y funcionarios del equipo.<\/p>\n\n\n\n<p>Desde la Municipalidad de San Pedro se quiere destacar y agradecer la r\u00e1pida e incondicional respuesta de todos los asistentes a este almuerzo, que permiti\u00f3 una charla directa con el Gobernador y sus colaboradores, recibiendo inquietudes y compartiendo propuestas relacionadas con l\u00edneas de cr\u00e9dito para producir e importantes novedades para consolidar la recuperaci\u00f3n de la econom\u00eda bonaerense.<\/p>\n\n\n\n<p>Lamentablemente, una vez m\u00e1s, la Sociedad Rural de San Pedro confundi\u00f3 una invitaci\u00f3n genuina del municipio y la utiliz\u00f3 para expresar sus pensamientos pol\u00edticos. A punto tal, que adem\u00e1s de rechazar la invitaci\u00f3n formulada de manera privada, hizo p\u00fablicas a nivel nacional expresiones contra el Gobernador, quien fue recibido de manera excelente por todo el resto de los productores hist\u00f3ricos de San Pedro, y los representantes gremiales que agradecieron el gesto de acercar a su equipo para llevar soluciones a todo el sector.<\/p>\n\n\n\n<p>No sorprende este tipo de actitud desde la entidad que ya procedi\u00f3 de la misma forma en fechas muy caras a los sentimientos de todos los argentinos como en el aniversario de la Batalla de Obligado, pero con estas actitudes, nada aporta a la supuesta b\u00fasqueda de construir un escenario m\u00e1s favorable para las inversiones, la producci\u00f3n y el desarrollo de la regi\u00f3n.<\/p>\n\n\n\n<p>Un notable contraste con el resto de las entidades que reconocieron y agradecieron un encuentro que sienta las bases de nuevas oportunidades para todos.<\/p>\n\n\n\n<p>El Gobernador y el Ministro (que luego visit\u00f3 junto al Intendente el Puerto en plena operatoria de importaci\u00f3n de bananas y exportaci\u00f3n de arvejas), ratificaron su apoyo a la gesti\u00f3n municipal, con un gran potencial para la pr\u00f3xima temporada tur\u00edstica, la ejecuci\u00f3n de obras largamente esperadas como la repavimentaci\u00f3n de la Ruta 191, el avance del proyecto del Parque Agroindustrial y una gran cantidad de acciones que son posibles gracias a la fluidez de un v\u00ednculo cada vez m\u00e1s s\u00f3lido.<\/p>\n\n\n\n<figure class=\"wp-block-image size-large\"><img decoding=\"async\" width=\"1024\" height=\"613\" data-attachment-id=\"102572\" data-permalink=\"https:\/\/eldiariodesanpedro.com.ar\/sitio\/el-gobernador-el-ministro-de-produccion-y-el-presidente-del-bapro-compartieron-un-auspicioso-encuentro-con-productores-y-dirigentes\/whatsapp-image-2021-12-28-at-21-23-35\/\" data-orig-file=\"https:\/\/eldiariodesanpedro.com.ar\/sitio\/wp-content\/uploads\/2021\/12\/WhatsApp-Image-2021-12-28-at-21.23.35.jpeg\" data-orig-size=\"1053,630\" data-comments-opened=\"0\" data-image-meta=\"{&quot;aperture&quot;:&quot;0&quot;,&quot;credit&quot;:&quot;&quot;,&quot;camera&quot;:&quot;&quot;,&quot;caption&quot;:&quot;&quot;,&quot;created_timestamp&quot;:&quot;0&quot;,&quot;copyright&quot;:&quot;&quot;,&quot;focal_length&quot;:&quot;0&quot;,&quot;iso&quot;:&quot;0&quot;,&quot;shutter_speed&quot;:&quot;0&quot;,&quot;title&quot;:&quot;&quot;,&quot;orientation&quot;:&quot;0&quot;}\" data-image-title=\"WhatsApp Image 2021-12-28 at 21.23.35\" data-image-description=\"\" data-image-caption=\"\" data-large-file=\"https:\/\/eldiariodesanpedro.com.ar\/sitio\/wp-content\/uploads\/2021\/12\/WhatsApp-Image-2021-12-28-at-21.23.35-1024x613.jpeg\" data-src=\"https:\/\/eldiariodesanpedro.com.ar\/sitio\/wp-content\/uploads\/2021\/12\/WhatsApp-Image-2021-12-28-at-21.23.35-1024x613.jpeg\" alt=\"\" class=\"wp-image-102572 lazyload\" data-srcset=\"https:\/\/eldiariodesanpedro.com.ar\/sitio\/wp-content\/uploads\/2021\/12\/WhatsApp-Image-2021-12-28-at-21.23.35-1024x613.jpeg 1024w, https:\/\/eldiariodesanpedro.com.ar\/sitio\/wp-content\/uploads\/2021\/12\/WhatsApp-Image-2021-12-28-at-21.23.35-300x179.jpeg 300w, https:\/\/eldiariodesanpedro.com.ar\/sitio\/wp-content\/uploads\/2021\/12\/WhatsApp-Image-2021-12-28-at-21.23.35-768x459.jpeg 768w, https:\/\/eldiariodesanpedro.com.ar\/sitio\/wp-content\/uploads\/2021\/12\/WhatsApp-Image-2021-12-28-at-21.23.35.jpeg 1053w\" data-sizes=\"(max-width: 1024px) 100vw, 1024px\" src=\"data:image\/svg+xml;base64,PHN2ZyB3aWR0aD0iMSIgaGVpZ2h0PSIxIiB4bWxucz0iaHR0cDovL3d3dy53My5vcmcvMjAwMC9zdmciPjwvc3ZnPg==\" style=\"--smush-placeholder-width: 1024px; --smush-placeholder-aspect-ratio: 1024\/613;\" \/><\/figure>\n\n\n\n<figure class=\"wp-block-image size-large\"><img decoding=\"async\" width=\"1024\" height=\"611\" data-attachment-id=\"102573\" data-permalink=\"https:\/\/eldiariodesanpedro.com.ar\/sitio\/el-gobernador-el-ministro-de-produccion-y-el-presidente-del-bapro-compartieron-un-auspicioso-encuentro-con-productores-y-dirigentes\/whatsapp-image-2021-12-28-at-21-23-36\/\" data-orig-file=\"https:\/\/eldiariodesanpedro.com.ar\/sitio\/wp-content\/uploads\/2021\/12\/WhatsApp-Image-2021-12-28-at-21.23.36.jpeg\" data-orig-size=\"1055,630\" data-comments-opened=\"0\" data-image-meta=\"{&quot;aperture&quot;:&quot;0&quot;,&quot;credit&quot;:&quot;&quot;,&quot;camera&quot;:&quot;&quot;,&quot;caption&quot;:&quot;&quot;,&quot;created_timestamp&quot;:&quot;0&quot;,&quot;copyright&quot;:&quot;&quot;,&quot;focal_length&quot;:&quot;0&quot;,&quot;iso&quot;:&quot;0&quot;,&quot;shutter_speed&quot;:&quot;0&quot;,&quot;title&quot;:&quot;&quot;,&quot;orientation&quot;:&quot;0&quot;}\" data-image-title=\"WhatsApp Image 2021-12-28 at 21.23.36\" data-image-description=\"\" data-image-caption=\"\" data-large-file=\"https:\/\/eldiariodesanpedro.com.ar\/sitio\/wp-content\/uploads\/2021\/12\/WhatsApp-Image-2021-12-28-at-21.23.36-1024x611.jpeg\" data-src=\"https:\/\/eldiariodesanpedro.com.ar\/sitio\/wp-content\/uploads\/2021\/12\/WhatsApp-Image-2021-12-28-at-21.23.36-1024x611.jpeg\" alt=\"\" class=\"wp-image-102573 lazyload\" data-srcset=\"https:\/\/eldiariodesanpedro.com.ar\/sitio\/wp-content\/uploads\/2021\/12\/WhatsApp-Image-2021-12-28-at-21.23.36-1024x611.jpeg 1024w, https:\/\/eldiariodesanpedro.com.ar\/sitio\/wp-content\/uploads\/2021\/12\/WhatsApp-Image-2021-12-28-at-21.23.36-300x179.jpeg 300w, https:\/\/eldiariodesanpedro.com.ar\/sitio\/wp-content\/uploads\/2021\/12\/WhatsApp-Image-2021-12-28-at-21.23.36-768x459.jpeg 768w, https:\/\/eldiariodesanpedro.com.ar\/sitio\/wp-content\/uploads\/2021\/12\/WhatsApp-Image-2021-12-28-at-21.23.36.jpeg 1055w\" data-sizes=\"(max-width: 1024px) 100vw, 1024px\" src=\"data:image\/svg+xml;base64,PHN2ZyB3aWR0aD0iMSIgaGVpZ2h0PSIxIiB4bWxucz0iaHR0cDovL3d3dy53My5vcmcvMjAwMC9zdmciPjwvc3ZnPg==\" style=\"--smush-placeholder-width: 1024px; --smush-placeholder-aspect-ratio: 1024\/611;\" \/><\/figure>\n\n\n\n<figure class=\"wp-block-image size-full\"><img decoding=\"async\" width=\"996\" height=\"630\" data-attachment-id=\"102578\" data-permalink=\"https:\/\/eldiariodesanpedro.com.ar\/sitio\/el-gobernador-el-ministro-de-produccion-y-el-presidente-del-bapro-compartieron-un-auspicioso-encuentro-con-productores-y-dirigentes\/whatsapp-image-2021-12-28-at-21-23-41\/\" data-orig-file=\"https:\/\/eldiariodesanpedro.com.ar\/sitio\/wp-content\/uploads\/2021\/12\/WhatsApp-Image-2021-12-28-at-21.23.41.jpeg\" data-orig-size=\"996,630\" data-comments-opened=\"0\" data-image-meta=\"{&quot;aperture&quot;:&quot;0&quot;,&quot;credit&quot;:&quot;&quot;,&quot;camera&quot;:&quot;&quot;,&quot;caption&quot;:&quot;&quot;,&quot;created_timestamp&quot;:&quot;0&quot;,&quot;copyright&quot;:&quot;&quot;,&quot;focal_length&quot;:&quot;0&quot;,&quot;iso&quot;:&quot;0&quot;,&quot;shutter_speed&quot;:&quot;0&quot;,&quot;title&quot;:&quot;&quot;,&quot;orientation&quot;:&quot;0&quot;}\" data-image-title=\"WhatsApp Image 2021-12-28 at 21.23.41\" data-image-description=\"\" data-image-caption=\"\" data-large-file=\"https:\/\/eldiariodesanpedro.com.ar\/sitio\/wp-content\/uploads\/2021\/12\/WhatsApp-Image-2021-12-28-at-21.23.41.jpeg\" data-src=\"https:\/\/eldiariodesanpedro.com.ar\/sitio\/wp-content\/uploads\/2021\/12\/WhatsApp-Image-2021-12-28-at-21.23.41.jpeg\" alt=\"\" class=\"wp-image-102578 lazyload\" data-srcset=\"https:\/\/eldiariodesanpedro.com.ar\/sitio\/wp-content\/uploads\/2021\/12\/WhatsApp-Image-2021-12-28-at-21.23.41.jpeg 996w, https:\/\/eldiariodesanpedro.com.ar\/sitio\/wp-content\/uploads\/2021\/12\/WhatsApp-Image-2021-12-28-at-21.23.41-300x190.jpeg 300w, https:\/\/eldiariodesanpedro.com.ar\/sitio\/wp-content\/uploads\/2021\/12\/WhatsApp-Image-2021-12-28-at-21.23.41-768x486.jpeg 768w\" data-sizes=\"(max-width: 996px) 100vw, 996px\" src=\"data:image\/svg+xml;base64,PHN2ZyB3aWR0aD0iMSIgaGVpZ2h0PSIxIiB4bWxucz0iaHR0cDovL3d3dy53My5vcmcvMjAwMC9zdmciPjwvc3ZnPg==\" style=\"--smush-placeholder-width: 996px; --smush-placeholder-aspect-ratio: 996\/630;\" \/><\/figure>\n","protected":false},"excerpt":{"rendered":"<p>El Gobernador de la Provincia de Buenos Aires, Axel Kicillof cerr\u00f3 su visita a San Pedro con un encuentro organizado desde la Municipalidad de San Pedro, que convoc\u00f3 en el predio sobre el que se proyecta el Parque Agroindustrial, a productores de la zona, dirigentes gremiales, representantes institucionales y referentes de sectores estrat\u00e9gicos de la [&hellip;]<\/p>\n","protected":false},"author":4,"featured_media":102574,"comment_status":"closed","ping_status":"closed","sticky":false,"template":"","format":"standard","meta":{"om_disable_all_campaigns":false,"_jetpack_memberships_contains_paid_content":false,"footnotes":""},"categories":[50,101,2],"tags":[197,2586,2587,696,33,19],"class_list":["post-102571","post","type-post","status-publish","format-standard","has-post-thumbnail","hentry","category-destacadas","category-interes-general-locales","category-locales","tag-buenos-aires","tag-el-gobernador","tag-el-ministro-de-produccion-y-el-presidente-del-bapro-compartieron-un-auspicioso-encuentro-con-productores-y-dirigentes","tag-interes-general","tag-locales","tag-san-pedro"],"aioseo_notices":[],"gutentor_comment":0,"jetpack_featured_media_url":"https:\/\/eldiariodesanpedro.com.ar\/sitio\/wp-content\/uploads\/2021\/12\/WhatsApp-Image-2021-12-28-at-21.23.37.jpeg","jetpack_shortlink":"https:\/\/wp.me\/p6RhLt-qGn","jetpack_sharing_enabled":true,"_links":{"self":[{"href":"https:\/\/eldiariodesanpedro.com.ar\/sitio\/wp-json\/wp\/v2\/posts\/102571","targetHints":{"allow":["GET"]}}],"collection":[{"href":"https:\/\/eldiariodesanpedro.com.ar\/sitio\/wp-json\/wp\/v2\/posts"}],"about":[{"href":"https:\/\/eldiariodesanpedro.com.ar\/sitio\/wp-json\/wp\/v2\/types\/post"}],"author":[{"embeddable":true,"href":"https:\/\/eldiariodesanpedro.com.ar\/sitio\/wp-json\/wp\/v2\/users\/4"}],"replies":[{"embeddable":true,"href":"https:\/\/eldiariodesanpedro.com.ar\/sitio\/wp-json\/wp\/v2\/comments?post=102571"}],"version-history":[{"count":1,"href":"https:\/\/eldiariodesanpedro.com.ar\/sitio\/wp-json\/wp\/v2\/posts\/102571\/revisions"}],"predecessor-version":[{"id":102579,"href":"https:\/\/eldiariodesanpedro.com.ar\/sitio\/wp-json\/wp\/v2\/posts\/102571\/revisions\/102579"}],"wp:featuredmedia":[{"embeddable":true,"href":"https:\/\/eldiariodesanpedro.com.ar\/sitio\/wp-json\/wp\/v2\/media\/102574"}],"wp:attachment":[{"href":"https:\/\/eldiariodesanpedro.com.ar\/sitio\/wp-json\/wp\/v2\/media?parent=102571"}],"wp:term":[{"taxonomy":"category","embeddable":true,"href":"https:\/\/eldiariodesanpedro.com.ar\/sitio\/wp-json\/wp\/v2\/categories?post=102571"},{"taxonomy":"post_tag","embeddable":true,"href":"https:\/\/eldiariodesanpedro.com.ar\/sitio\/wp-json\/wp\/v2\/tags?post=102571"}],"curies":[{"name":"wp","href":"https:\/\/api.w.org\/{rel}","templated":true}]}}