{"id":102560,"date":"2021-12-29T15:32:51","date_gmt":"2021-12-29T18:32:51","guid":{"rendered":"https:\/\/eldiariodesanpedro.com.ar\/sitio\/?p=102560"},"modified":"2021-12-29T15:32:53","modified_gmt":"2021-12-29T18:32:53","slug":"visita-del-gobernador-axel-kicillof-para-la-presentacion-del-parador-turistico-del-programa-recreo","status":"publish","type":"post","link":"https:\/\/eldiariodesanpedro.com.ar\/sitio\/visita-del-gobernador-axel-kicillof-para-la-presentacion-del-parador-turistico-del-programa-recreo\/","title":{"rendered":"Visita del Gobernador Axel Kicillof para la presentaci\u00f3n del Parador Tur\u00edstico del Programa ReCreo"},"content":{"rendered":"<!-- VideographyWP Plugin Message: Automatic video embedding prevented by plugin options. -->\n\n<p>Este martes el Gobernador de la Provincia de Buenos Aires Axel Kicillof visit\u00f3 la ciudad en el marco de la presentaci\u00f3n del Parador Tur\u00edstico del Programa RECREO que funcionar\u00e1 durante toda la temporada de verano trabajando en conjunto con la Secretar\u00eda de Turismo y Cultura que encabeza Marcela Cu\u00f1er para brindar a sampedrinos y turistas una nueva alternativa de entretenimiento libre y gratuita.<\/p>\n\n\n\n<p>Kicillof fue recibido en el Palacio Municipal por el Intendente Ram\u00f3n Salazar, el director del Belgrano Cargas Cecilio Salazar, la Diputada Natalia S\u00e1nchez Jauregui, el Intendente de Baradero Esteban Sanzio y el secretario de Gobierno Pablo Vlaeminck donde mantuvieron una reuni\u00f3n antes de asistir al acto de presentaci\u00f3n del Parador ReCreo que funciona a partir de este martes en el paseo Agenor Almada, ubicado en calle Juan de Garay, esquina 11 de Septiembre y permanecer\u00e1 abierto de lunes a lunes durante la temporada de verano.<\/p>\n\n\n\n<p>El parador ofrece una agenda que incluye clases de yoga, zumba, salsa y meditaci\u00f3n. Adem\u00e1s, se organizan campeonatos de tejo, barrileteadas, competencias de coreograf\u00edas de TikTok, karaoke, torneos de f\u00fatbol, carreras de embolsados y talleres interactivos para las infancias: cuentacuentos, pintura, origami y lettering, entre otros.<\/p>\n\n\n\n<p>En las instalaciones se propone un espacio l\u00fadico con \u00e1reas de sombra y plazas de juegos con columpio acrob\u00e1tico, palestra, camas el\u00e1sticas, strike y encastres gigantes.<\/p>\n\n\n\n<p>Adem\u00e1s, una programaci\u00f3n que ofrece shows infantiles y conciertos musicales con m\u00e1s de 19 artistas del cat\u00e1logo de C\u00f3digo Provincia, la pol\u00edtica de promoci\u00f3n de la cultura bonaerense que visibiliza a los m\u00fasicos locales. Los espect\u00e1culos de C\u00f3digo Provincia se realizan de lunes a s\u00e1bados a las 19. En tanto que los shows infantiles se presentan todos los domingos a la misma hora.<\/p>\n\n\n\n<p>Participaron del acto que encabez\u00f3 el Gobernador Axel Kicillof, el ministro de Producci\u00f3n, Ciencia e Innovaci\u00f3n Tecnol\u00f3gica, Augusto Costa; el intendente Ram\u00f3n Salazar, el presidente de Banco Provincia, Juan Cuattromo y el director de Belgrano Cargas, Cecilio Salazar.<\/p>\n\n\n\n<p>Durante la presentaci\u00f3n, el intendente Salazar resalt\u00f3: \u201cSan Pedro viene creciendo mucho en materia de turismo durante los \u00faltimos a\u00f1os, y la inauguraci\u00f3n de este parador es un nuevo impulso que, adem\u00e1s, ha creado 50 puestos de trabajo\u201d. \u201cLa implementaci\u00f3n del Pase Sanitario es un \u00e9xito porque ha generado r\u00e9cord de vacunaciones alcanzando a casi mil aplicaciones diarias y teniendo en San Pedro alrededor del 80% de la poblaci\u00f3n vacunada con dos dosis\u201d, dijo.<\/p>\n\n\n\n<p>\u201cCon la aplicaci\u00f3n ReCreo, todos y todas podr\u00e1n conocer los atractivos tur\u00edsticos bonaerenses y acceder a los descuentos y promociones que ofrece el Banco Provincia\u201d, subray\u00f3 Kicillof y concluy\u00f3: \u201cDespu\u00e9s de seis a\u00f1os de crisis, impulsamos tambi\u00e9n seis a\u00f1os de recuperaci\u00f3n del turismo y la cultura, una actividad econ\u00f3mica muy importante para la Provincia, que se desarrolla los 365 d\u00edas del a\u00f1o en los 135 municipios\u201d.<\/p>\n\n\n\n<p>El programa ReCreo, que impulsa una plataforma para la difusi\u00f3n de la agenda cultural y tur\u00edstica en los 135 municipios de la Provincia, y durante todo el a\u00f1o, este verano activa una programaci\u00f3n espec\u00edfica de shows, talleres y propuestas recreativas que acompa\u00f1an a los ya tradicionales destinos tur\u00edsticos del territorio bonaerense con el despliegue de otros cinco paradores ubicados en Mar del Plata, Monte Hermoso, Ensenada, La Costa y Tandil.<\/p>\n\n\n\n<iframe data-src=\"https:\/\/www.facebook.com\/plugins\/video.php?height=314&#038;href=https%3A%2F%2Fwww.facebook.com%2Fdiariosp2%2Fvideos%2F4659062107542755%2F&#038;show_text=false&#038;width=560&#038;t=0\" width=\"560\" height=\"314\" style=\"border:none;overflow:hidden\" scrolling=\"no\" frameborder=\"0\" allowfullscreen=\"true\" allow=\"autoplay; clipboard-write; encrypted-media; picture-in-picture; web-share\" allowFullScreen=\"true\" src=\"data:image\/svg+xml;base64,PHN2ZyB3aWR0aD0iMSIgaGVpZ2h0PSIxIiB4bWxucz0iaHR0cDovL3d3dy53My5vcmcvMjAwMC9zdmciPjwvc3ZnPg==\" class=\"lazyload\" data-load-mode=\"1\"><\/iframe>\n","protected":false},"excerpt":{"rendered":"<p>Este martes el Gobernador de la Provincia de Buenos Aires Axel Kicillof visit\u00f3 la ciudad en el marco de la presentaci\u00f3n del Parador Tur\u00edstico del Programa RECREO que funcionar\u00e1 durante toda la temporada de verano trabajando en conjunto con la Secretar\u00eda de Turismo y Cultura que encabeza Marcela Cu\u00f1er para brindar a sampedrinos y turistas [&hellip;]<\/p>\n","protected":false},"author":4,"featured_media":102569,"comment_status":"closed","ping_status":"closed","sticky":false,"template":"","format":"standard","meta":{"om_disable_all_campaigns":false,"_jetpack_memberships_contains_paid_content":false,"footnotes":""},"categories":[50,101,2],"tags":[197,696,33,19],"class_list":["post-102560","post","type-post","status-publish","format-standard","has-post-thumbnail","hentry","category-destacadas","category-interes-general-locales","category-locales","tag-buenos-aires","tag-interes-general","tag-locales","tag-san-pedro"],"aioseo_notices":[],"gutentor_comment":0,"jetpack_featured_media_url":"https:\/\/eldiariodesanpedro.com.ar\/sitio\/wp-content\/uploads\/2021\/12\/WhatsApp-Image-2021-12-28-at-20.35.17.jpeg","jetpack_shortlink":"https:\/\/wp.me\/p6RhLt-qGc","jetpack_sharing_enabled":true,"_links":{"self":[{"href":"https:\/\/eldiariodesanpedro.com.ar\/sitio\/wp-json\/wp\/v2\/posts\/102560","targetHints":{"allow":["GET"]}}],"collection":[{"href":"https:\/\/eldiariodesanpedro.com.ar\/sitio\/wp-json\/wp\/v2\/posts"}],"about":[{"href":"https:\/\/eldiariodesanpedro.com.ar\/sitio\/wp-json\/wp\/v2\/types\/post"}],"author":[{"embeddable":true,"href":"https:\/\/eldiariodesanpedro.com.ar\/sitio\/wp-json\/wp\/v2\/users\/4"}],"replies":[{"embeddable":true,"href":"https:\/\/eldiariodesanpedro.com.ar\/sitio\/wp-json\/wp\/v2\/comments?post=102560"}],"version-history":[{"count":1,"href":"https:\/\/eldiariodesanpedro.com.ar\/sitio\/wp-json\/wp\/v2\/posts\/102560\/revisions"}],"predecessor-version":[{"id":102570,"href":"https:\/\/eldiariodesanpedro.com.ar\/sitio\/wp-json\/wp\/v2\/posts\/102560\/revisions\/102570"}],"wp:featuredmedia":[{"embeddable":true,"href":"https:\/\/eldiariodesanpedro.com.ar\/sitio\/wp-json\/wp\/v2\/media\/102569"}],"wp:attachment":[{"href":"https:\/\/eldiariodesanpedro.com.ar\/sitio\/wp-json\/wp\/v2\/media?parent=102560"}],"wp:term":[{"taxonomy":"category","embeddable":true,"href":"https:\/\/eldiariodesanpedro.com.ar\/sitio\/wp-json\/wp\/v2\/categories?post=102560"},{"taxonomy":"post_tag","embeddable":true,"href":"https:\/\/eldiariodesanpedro.com.ar\/sitio\/wp-json\/wp\/v2\/tags?post=102560"}],"curies":[{"name":"wp","href":"https:\/\/api.w.org\/{rel}","templated":true}]}}