{"id":102552,"date":"2021-12-28T10:44:32","date_gmt":"2021-12-28T13:44:32","guid":{"rendered":"https:\/\/eldiariodesanpedro.com.ar\/sitio\/?p=102552"},"modified":"2021-12-28T10:44:34","modified_gmt":"2021-12-28T13:44:34","slug":"aprehenden-a-menor-que-tras-ser-demorado-ayer-una-hora-despues-de-ser-liberado-volvio-a-robar-dos-bicicletas","status":"publish","type":"post","link":"https:\/\/eldiariodesanpedro.com.ar\/sitio\/aprehenden-a-menor-que-tras-ser-demorado-ayer-una-hora-despues-de-ser-liberado-volvio-a-robar-dos-bicicletas\/","title":{"rendered":"Aprehenden a menor que tras ser demorado ayer, una hora despu\u00e9s de ser liberado volvi\u00f3 a robar dos bicicletas"},"content":{"rendered":"<!-- VideographyWP Plugin Message: Automatic video embedding prevented by plugin options. -->\n\n<p>El personal policial en calle Bozzano y Miguel Porta, aprehendido en fuga masculino 14, a\u00f1os secuestrando dos bicicletas que momentos antes sustrajo de bicicleteros de diferentes comercios ubicados a pocos metros de distancia, uno en calle Saavedra y Las Provincias propiedad de una mujer de 34 a\u00f1os y en raid delictivo en comercio 11 de Septiembre entre G\u00fcemes y Balcarce que es propiedad de un joven de 16 a\u00f1os, ambas bicis fueron restituidos.&nbsp;<\/p>\n\n\n\n<p>El aprehendido resulta uno de los detenidos en hecho de robo agravado y robo, comunicado ayer, cuando fue detenido con otros tres menores de 14, 16 y 17 a\u00f1os de edad. Hab\u00eda recuperado su libertad promediando las 12:00 hs por disposici\u00f3n judicial y el primero robo de bicicleta lo comete a las 13 horas.&nbsp;<\/p>\n\n\n\n<p>Estuvo detenido por disposici\u00f3n judicial y recuper\u00f3 su libertad en la tarde noche de ayer, entregado a familiares.<\/p>\n","protected":false},"excerpt":{"rendered":"<p>El personal policial en calle Bozzano y Miguel Porta, aprehendido en fuga masculino 14, a\u00f1os secuestrando dos bicicletas que momentos antes sustrajo de bicicleteros de diferentes comercios ubicados a pocos metros de distancia, uno en calle Saavedra y Las Provincias propiedad de una mujer de 34 a\u00f1os y en raid delictivo en comercio 11 de [&hellip;]<\/p>\n","protected":false},"author":4,"featured_media":45394,"comment_status":"closed","ping_status":"closed","sticky":false,"template":"","format":"standard","meta":{"om_disable_all_campaigns":false,"_jetpack_memberships_contains_paid_content":false,"footnotes":""},"categories":[50,2,103],"tags":[2584,696,33,19,2585],"class_list":["post-102552","post","type-post","status-publish","format-standard","has-post-thumbnail","hentry","category-destacadas","category-locales","category-policiales-locales","tag-aprehenden-a-menor-que-tras-ser-demorado-ayer","tag-interes-general","tag-locales","tag-san-pedro","tag-una-hora-despues-de-ser-liberado-volvio-a-robar-dos-bicicletas"],"aioseo_notices":[],"gutentor_comment":0,"jetpack_featured_media_url":"https:\/\/eldiariodesanpedro.com.ar\/sitio\/wp-content\/uploads\/2019\/01\/comisaria.jpg","jetpack_shortlink":"https:\/\/wp.me\/p6RhLt-qG4","jetpack_sharing_enabled":true,"_links":{"self":[{"href":"https:\/\/eldiariodesanpedro.com.ar\/sitio\/wp-json\/wp\/v2\/posts\/102552","targetHints":{"allow":["GET"]}}],"collection":[{"href":"https:\/\/eldiariodesanpedro.com.ar\/sitio\/wp-json\/wp\/v2\/posts"}],"about":[{"href":"https:\/\/eldiariodesanpedro.com.ar\/sitio\/wp-json\/wp\/v2\/types\/post"}],"author":[{"embeddable":true,"href":"https:\/\/eldiariodesanpedro.com.ar\/sitio\/wp-json\/wp\/v2\/users\/4"}],"replies":[{"embeddable":true,"href":"https:\/\/eldiariodesanpedro.com.ar\/sitio\/wp-json\/wp\/v2\/comments?post=102552"}],"version-history":[{"count":1,"href":"https:\/\/eldiariodesanpedro.com.ar\/sitio\/wp-json\/wp\/v2\/posts\/102552\/revisions"}],"predecessor-version":[{"id":102553,"href":"https:\/\/eldiariodesanpedro.com.ar\/sitio\/wp-json\/wp\/v2\/posts\/102552\/revisions\/102553"}],"wp:featuredmedia":[{"embeddable":true,"href":"https:\/\/eldiariodesanpedro.com.ar\/sitio\/wp-json\/wp\/v2\/media\/45394"}],"wp:attachment":[{"href":"https:\/\/eldiariodesanpedro.com.ar\/sitio\/wp-json\/wp\/v2\/media?parent=102552"}],"wp:term":[{"taxonomy":"category","embeddable":true,"href":"https:\/\/eldiariodesanpedro.com.ar\/sitio\/wp-json\/wp\/v2\/categories?post=102552"},{"taxonomy":"post_tag","embeddable":true,"href":"https:\/\/eldiariodesanpedro.com.ar\/sitio\/wp-json\/wp\/v2\/tags?post=102552"}],"curies":[{"name":"wp","href":"https:\/\/api.w.org\/{rel}","templated":true}]}}