{"id":102541,"date":"2021-12-27T17:08:20","date_gmt":"2021-12-27T20:08:20","guid":{"rendered":"https:\/\/eldiariodesanpedro.com.ar\/sitio\/?p=102541"},"modified":"2021-12-27T17:08:24","modified_gmt":"2021-12-27T20:08:24","slug":"edicto-de-prescripcion-adquisitiva-vicenal-usucapion-de-gandulfo-elena-dominga-y-serrano-de-gandulfo-carolina","status":"publish","type":"post","link":"https:\/\/eldiariodesanpedro.com.ar\/sitio\/edicto-de-prescripcion-adquisitiva-vicenal-usucapion-de-gandulfo-elena-dominga-y-serrano-de-gandulfo-carolina\/","title":{"rendered":"Edicto de Prescripcion Adquisitiva Vicenal\/Usucapi\u00f3n de Gandulfo Elena Dominga y Serrano De Gandulfo Carolina"},"content":{"rendered":"<!-- VideographyWP Plugin Message: Automatic video embedding prevented by plugin options. -->\n\n<p>El Juzgado de 1\u00ba Inst. en lo Civil y Comercial N\u00ba 5, Secretar\u00eda \u00fanica, de San Nicol\u00e1s, Pcia. de Bs. As., a cargo del Dr. JOSE IGNACIO ONDARCUHU, juez, cita y emplaza por diez d\u00edas a quienes se consideren con derechos sobre el bien que se intenta usucapir: el inmueble forma una superficie total de 242,42 m2, designado segun plano Letra A de la manzana 73, calle Hipolito Irigoyen 543, de San Pedro, que posee la siguiente Nomenclatura Catastral: Circunscripci\u00f3n I; Secci\u00f3n C; Manzana 209; Parcela 3 para que contesten la demanda y comparezcan a estar a derecho, en autos:<strong> \\Gandulfo Elena Dominga C\/ Serrano De Gandulfo Carolina S\/ Prescripcion Adquisitiva Vicenal\/Usucapion (Cn\u00b0 104473)\\<\/strong>, bajo apercibimiento de designarle Defensor de Pobres y Ausentes para que los represente y defienda (doctr. art. 681, CPCC).-.<\/p>\n\n\n\n<p>JOSE IGNACIO ONDARCUHU<br>ABOGADO SECRETARIO<\/p>\n\n\n\n<p>(Publicaci\u00f3n v\u00e1lida para los d\u00edas 27 y 28 de diciembre de 2021)<br><a href=\"https:\/\/notificaciones.scba.gov.ar\/verificarnotificacion.aspx?codNotif=7P475A\">https:\/\/notificaciones.scba.gov.ar\/verificarnotificacion.aspx?codNotif=7P475A<\/a><\/p>\n","protected":false},"excerpt":{"rendered":"<p>El Juzgado de 1\u00ba Inst. en lo Civil y Comercial N\u00ba 5, Secretar\u00eda \u00fanica, de San Nicol\u00e1s, Pcia. de Bs. As., a cargo del Dr. JOSE IGNACIO ONDARCUHU, juez, cita y emplaza por diez d\u00edas a quienes se consideren con derechos sobre el bien que se intenta usucapir: el inmueble forma una superficie total de [&hellip;]<\/p>\n","protected":false},"author":4,"featured_media":81115,"comment_status":"closed","ping_status":"closed","sticky":false,"template":"","format":"standard","meta":{"om_disable_all_campaigns":false,"_jetpack_memberships_contains_paid_content":false,"footnotes":""},"categories":[676,1124],"tags":[197,1121,2580,696,1355,33,19],"class_list":["post-102541","post","type-post","status-publish","format-standard","has-post-thumbnail","hentry","category-edictos","category-edictos-especiales","tag-buenos-aires","tag-edicto","tag-edicto-de-prescripcion-adquisitiva-vicenal-usucapion-de-gandulfo-elena-dominga-y-serrano-de-gandulfo-carolina","tag-interes-general","tag-judiciales","tag-locales","tag-san-pedro"],"aioseo_notices":[],"gutentor_comment":0,"jetpack_featured_media_url":"https:\/\/eldiariodesanpedro.com.ar\/sitio\/wp-content\/uploads\/2020\/09\/Poder-Judicial.jpg","jetpack_shortlink":"https:\/\/wp.me\/p6RhLt-qFT","jetpack_sharing_enabled":true,"_links":{"self":[{"href":"https:\/\/eldiariodesanpedro.com.ar\/sitio\/wp-json\/wp\/v2\/posts\/102541","targetHints":{"allow":["GET"]}}],"collection":[{"href":"https:\/\/eldiariodesanpedro.com.ar\/sitio\/wp-json\/wp\/v2\/posts"}],"about":[{"href":"https:\/\/eldiariodesanpedro.com.ar\/sitio\/wp-json\/wp\/v2\/types\/post"}],"author":[{"embeddable":true,"href":"https:\/\/eldiariodesanpedro.com.ar\/sitio\/wp-json\/wp\/v2\/users\/4"}],"replies":[{"embeddable":true,"href":"https:\/\/eldiariodesanpedro.com.ar\/sitio\/wp-json\/wp\/v2\/comments?post=102541"}],"version-history":[{"count":1,"href":"https:\/\/eldiariodesanpedro.com.ar\/sitio\/wp-json\/wp\/v2\/posts\/102541\/revisions"}],"predecessor-version":[{"id":102542,"href":"https:\/\/eldiariodesanpedro.com.ar\/sitio\/wp-json\/wp\/v2\/posts\/102541\/revisions\/102542"}],"wp:featuredmedia":[{"embeddable":true,"href":"https:\/\/eldiariodesanpedro.com.ar\/sitio\/wp-json\/wp\/v2\/media\/81115"}],"wp:attachment":[{"href":"https:\/\/eldiariodesanpedro.com.ar\/sitio\/wp-json\/wp\/v2\/media?parent=102541"}],"wp:term":[{"taxonomy":"category","embeddable":true,"href":"https:\/\/eldiariodesanpedro.com.ar\/sitio\/wp-json\/wp\/v2\/categories?post=102541"},{"taxonomy":"post_tag","embeddable":true,"href":"https:\/\/eldiariodesanpedro.com.ar\/sitio\/wp-json\/wp\/v2\/tags?post=102541"}],"curies":[{"name":"wp","href":"https:\/\/api.w.org\/{rel}","templated":true}]}}