{"id":102536,"date":"2021-12-28T10:30:17","date_gmt":"2021-12-28T13:30:17","guid":{"rendered":"https:\/\/eldiariodesanpedro.com.ar\/sitio\/?p=102536"},"modified":"2021-12-28T10:30:17","modified_gmt":"2021-12-28T13:30:17","slug":"el-ccit-se-reunio-con-funcionarios-municipales-para-plantear-su-posicion-ante-la-nueva-ordenanza-fiscal-impositiva-y-el-aumento-de-tasas","status":"publish","type":"post","link":"https:\/\/eldiariodesanpedro.com.ar\/sitio\/el-ccit-se-reunio-con-funcionarios-municipales-para-plantear-su-posicion-ante-la-nueva-ordenanza-fiscal-impositiva-y-el-aumento-de-tasas\/","title":{"rendered":"El CCIT se reuni\u00f3 con funcionarios municipales para plantear su posici\u00f3n ante la nueva Ordenanza Fiscal Impositiva y el aumento de Tasas"},"content":{"rendered":"<!-- VideographyWP Plugin Message: Automatic video embedding prevented by plugin options. -->\n\n<p>La Comisi\u00f3n Directiva del CCIT pone en conocimiento de sus socios, la nota enviada al Ejecutivo Municipal solicitando una reuni\u00f3n que fue concedida para este lunes 27 de diciembre, con el prop\u00f3sito de exponer la posici\u00f3n institucional sobre la preparatoria de la Ordenanza Fiscal \u2013 Impositiva, que una vez m\u00e1s arbitra medidas que entendemos est\u00e1n alejadas del verdadero contexto econ\u00f3mico que atraviesan muchos de los sectores de nuestros comercios y empresas.<\/p>\n\n\n\n<p>El proyecto hace referencia expresa a la facultad del Ejecutivo para sumar nuevos aumentos de tasas e impuestos, en caso de que la coyuntura econ\u00f3mica exceda a la gesti\u00f3n municipal, sin reconocer que tal situaci\u00f3n, ya est\u00e1 comprometiendo de manera preocupante a todos los sectores de la econom\u00eda que representamos.<\/p>\n\n\n\n<p>Es por ello que desde nuestra entidad manifestamos a los funcionarios municipales, la preocupaci\u00f3n e inquietud que se percibe ante un momento tan delicado como el que atravesamos.&nbsp; Destacamos, una vez m\u00e1s, que para este tipo de decisiones, el an\u00e1lisis conjunto hubiese sido \u00fatil para aportar una perspectiva que parece estar ausente de las decisiones volcadas en el proyecto.<\/p>\n","protected":false},"excerpt":{"rendered":"<p>La Comisi\u00f3n Directiva del CCIT pone en conocimiento de sus socios, la nota enviada al Ejecutivo Municipal solicitando una reuni\u00f3n que fue concedida para este lunes 27 de diciembre, con el prop\u00f3sito de exponer la posici\u00f3n institucional sobre la preparatoria de la Ordenanza Fiscal \u2013 Impositiva, que una vez m\u00e1s arbitra medidas que entendemos est\u00e1n [&hellip;]<\/p>\n","protected":false},"author":4,"featured_media":102109,"comment_status":"closed","ping_status":"","sticky":false,"template":"","format":"standard","meta":{"om_disable_all_campaigns":false,"_jetpack_memberships_contains_paid_content":false,"footnotes":""},"categories":[101,2],"tags":[197,696,33,19],"class_list":["post-102536","post","type-post","status-publish","format-standard","has-post-thumbnail","hentry","category-interes-general-locales","category-locales","tag-buenos-aires","tag-interes-general","tag-locales","tag-san-pedro"],"aioseo_notices":[],"gutentor_comment":0,"jetpack_featured_media_url":"https:\/\/eldiariodesanpedro.com.ar\/sitio\/wp-content\/uploads\/2021\/12\/WhatsApp-Image-2021-12-09-at-15.41.29.jpeg","jetpack_shortlink":"https:\/\/wp.me\/p6RhLt-qFO","jetpack_sharing_enabled":true,"_links":{"self":[{"href":"https:\/\/eldiariodesanpedro.com.ar\/sitio\/wp-json\/wp\/v2\/posts\/102536","targetHints":{"allow":["GET"]}}],"collection":[{"href":"https:\/\/eldiariodesanpedro.com.ar\/sitio\/wp-json\/wp\/v2\/posts"}],"about":[{"href":"https:\/\/eldiariodesanpedro.com.ar\/sitio\/wp-json\/wp\/v2\/types\/post"}],"author":[{"embeddable":true,"href":"https:\/\/eldiariodesanpedro.com.ar\/sitio\/wp-json\/wp\/v2\/users\/4"}],"replies":[{"embeddable":true,"href":"https:\/\/eldiariodesanpedro.com.ar\/sitio\/wp-json\/wp\/v2\/comments?post=102536"}],"version-history":[{"count":1,"href":"https:\/\/eldiariodesanpedro.com.ar\/sitio\/wp-json\/wp\/v2\/posts\/102536\/revisions"}],"predecessor-version":[{"id":102551,"href":"https:\/\/eldiariodesanpedro.com.ar\/sitio\/wp-json\/wp\/v2\/posts\/102536\/revisions\/102551"}],"wp:featuredmedia":[{"embeddable":true,"href":"https:\/\/eldiariodesanpedro.com.ar\/sitio\/wp-json\/wp\/v2\/media\/102109"}],"wp:attachment":[{"href":"https:\/\/eldiariodesanpedro.com.ar\/sitio\/wp-json\/wp\/v2\/media?parent=102536"}],"wp:term":[{"taxonomy":"category","embeddable":true,"href":"https:\/\/eldiariodesanpedro.com.ar\/sitio\/wp-json\/wp\/v2\/categories?post=102536"},{"taxonomy":"post_tag","embeddable":true,"href":"https:\/\/eldiariodesanpedro.com.ar\/sitio\/wp-json\/wp\/v2\/tags?post=102536"}],"curies":[{"name":"wp","href":"https:\/\/api.w.org\/{rel}","templated":true}]}}