{"id":10253,"date":"2016-11-15T18:43:55","date_gmt":"2016-11-15T21:43:55","guid":{"rendered":"https:\/\/eldiariodesanpedro.com.ar\/sitio\/?p=10253"},"modified":"2016-11-15T18:43:55","modified_gmt":"2016-11-15T21:43:55","slug":"concierto-de-cierre-de-ano-del-conservatorio-de-musica","status":"publish","type":"post","link":"https:\/\/eldiariodesanpedro.com.ar\/sitio\/concierto-de-cierre-de-ano-del-conservatorio-de-musica\/","title":{"rendered":"Concierto de cierre de a\u00f1o del Conservatorio de M\u00fasica"},"content":{"rendered":"<p><!-- VideographyWP Plugin Message: Automatic video embedding prevented by plugin options. --><br \/>\nIntegrantes del Conservatorio de M\u00fasica de San Pedro Carlos Guastavino brindar\u00e1n un concierto, a modo de muestra de la actividad desarrollada en el a\u00f1o por las c\u00e1tedras de instrumentos de cuerda (Viol\u00edn y Violoncello) y vientos (Clarinete) con la participaci\u00f3n de los alumnos de los profesores Faruk Akil, Luc\u00eda Casella y Celeste Wiede. La presentaci\u00f3n se realizar\u00e1 en el Teatro Siripo, ma\u00f1ana mi\u00e9rcoles 16 de noviembre de 2016 a partir de las 19.00. Entrada libre y gratuita.<\/p>\n","protected":false},"excerpt":{"rendered":"<p>Integrantes del Conservatorio de M\u00fasica de San Pedro Carlos Guastavino brindar\u00e1n un concierto, a modo de muestra de la actividad desarrollada en el a\u00f1o por las c\u00e1tedras de instrumentos de cuerda (Viol\u00edn y Violoncello) y vientos (Clarinete) con la participaci\u00f3n de los alumnos de los profesores Faruk Akil, Luc\u00eda Casella y Celeste Wiede. La presentaci\u00f3n [&hellip;]<\/p>\n","protected":false},"author":4,"featured_media":9974,"comment_status":"open","ping_status":"closed","sticky":false,"template":"","format":"standard","meta":{"om_disable_all_campaigns":false,"_jetpack_memberships_contains_paid_content":false,"footnotes":""},"categories":[101,2],"tags":[],"class_list":["post-10253","post","type-post","status-publish","format-standard","has-post-thumbnail","hentry","category-interes-general-locales","category-locales"],"aioseo_notices":[],"gutentor_comment":0,"jetpack_featured_media_url":"https:\/\/eldiariodesanpedro.com.ar\/sitio\/wp-content\/uploads\/2016\/11\/siripo-arte-2016.jpg","jetpack_shortlink":"https:\/\/wp.me\/p6RhLt-2Fn","jetpack_sharing_enabled":true,"_links":{"self":[{"href":"https:\/\/eldiariodesanpedro.com.ar\/sitio\/wp-json\/wp\/v2\/posts\/10253","targetHints":{"allow":["GET"]}}],"collection":[{"href":"https:\/\/eldiariodesanpedro.com.ar\/sitio\/wp-json\/wp\/v2\/posts"}],"about":[{"href":"https:\/\/eldiariodesanpedro.com.ar\/sitio\/wp-json\/wp\/v2\/types\/post"}],"author":[{"embeddable":true,"href":"https:\/\/eldiariodesanpedro.com.ar\/sitio\/wp-json\/wp\/v2\/users\/4"}],"replies":[{"embeddable":true,"href":"https:\/\/eldiariodesanpedro.com.ar\/sitio\/wp-json\/wp\/v2\/comments?post=10253"}],"version-history":[{"count":1,"href":"https:\/\/eldiariodesanpedro.com.ar\/sitio\/wp-json\/wp\/v2\/posts\/10253\/revisions"}],"predecessor-version":[{"id":10254,"href":"https:\/\/eldiariodesanpedro.com.ar\/sitio\/wp-json\/wp\/v2\/posts\/10253\/revisions\/10254"}],"wp:featuredmedia":[{"embeddable":true,"href":"https:\/\/eldiariodesanpedro.com.ar\/sitio\/wp-json\/wp\/v2\/media\/9974"}],"wp:attachment":[{"href":"https:\/\/eldiariodesanpedro.com.ar\/sitio\/wp-json\/wp\/v2\/media?parent=10253"}],"wp:term":[{"taxonomy":"category","embeddable":true,"href":"https:\/\/eldiariodesanpedro.com.ar\/sitio\/wp-json\/wp\/v2\/categories?post=10253"},{"taxonomy":"post_tag","embeddable":true,"href":"https:\/\/eldiariodesanpedro.com.ar\/sitio\/wp-json\/wp\/v2\/tags?post=10253"}],"curies":[{"name":"wp","href":"https:\/\/api.w.org\/{rel}","templated":true}]}}