{"id":102526,"date":"2021-12-27T15:32:30","date_gmt":"2021-12-27T18:32:30","guid":{"rendered":"https:\/\/eldiariodesanpedro.com.ar\/sitio\/?p=102526"},"modified":"2021-12-27T15:32:37","modified_gmt":"2021-12-27T18:32:37","slug":"coronavirus-64-nuevos-positivos-279-negativos-y-los-activos-sufren-un-gran-aumento-a-156","status":"publish","type":"post","link":"https:\/\/eldiariodesanpedro.com.ar\/sitio\/coronavirus-64-nuevos-positivos-279-negativos-y-los-activos-sufren-un-gran-aumento-a-156\/","title":{"rendered":"Coronavirus: 64 nuevos positivos, 279 negativos y los activos sufren un gran aumento a 156"},"content":{"rendered":"<!-- VideographyWP Plugin Message: Automatic video embedding prevented by plugin options. -->\n\n<p>La Secretar\u00eda de Salud de la Municipalidad de San Pedro brinda el informe que acompa\u00f1a la placa del d\u00eda de la fecha, en el seguimiento de la Pandemia de Covid-19.<\/p>\n\n\n\n<p>Se recibieron del Laboratorio Centralab los resultados de los \u00faltimos env\u00edos de muestras con 2 resultados positivos, y se confirmaron 62 resultados positivos a trav\u00e9s de los testeos r\u00e1pidos que se realizan en el Laboratorio del Hospital, totalizando 64 resultados positivos.&nbsp;<\/p>\n\n\n\n<p>Sobre el resto de las muestras recibidas, el Laboratorio Centralab inform\u00f3 2 resultados negativos. Desde el Laboratorio del Hospital, se informaron 277 testeos r\u00e1pidos negativos, totalizando 279 resultados negativos.<\/p>\n\n\n\n<p>Los positivos est\u00e1n divididos en: <br>&#8211; Centralab: <br>&#8211; 1 mujer de 38 a\u00f1os. <br>&#8211; 1 hombre de 55 a\u00f1os. <br>&#8211; Laboratorio del Hospital: <br>&#8211; 31 mujeres de 17(2), 19, 20, 22, 23(2), 24, 25, 26(2), 27, 29, 30, 32(3), 37, 38, 45, 46(2), 48, 50, 52, 56(2), 65, 74, 78 y 80 a\u00f1os. <br>&#8211; 31 hombres de 16, 18, 23(2), 25(2), 27(2), 28, 30, 32, 34, 35, 36, 38, 40, 43(2), 44, 48(2), 50, 53(2), 54, 56(2), 59, 60, 61 y 73 a\u00f1os. <br>&#8211; Se incorpora a la estad\u00edstica oficial 23 altas. <br>&#8211; Se enviaron 3 nuevas muestras, que se encuentran pendientes. Cuando se reciban los resultados ser\u00e1n comunicados.<\/p>\n\n\n\n<p>Resumen actualizado de informaci\u00f3n oficial <br>Positivos desde el inicio de la Pandemia: 6474 <br>Activos: 156 <br>Recuperados: 6077 <br>Fallecidos: 241 <br>Negativos desde el inicio de la Pandemia: 15273 <br>Los datos consignados en este informe corresponden a casos analizados a trav\u00e9s de hisopados realizados en el \u00abC.C.19\u00bb analizados por el Laboratorio Centralab y testeos r\u00e1pidos efectuados en el Laboratorio del Hospital.<\/p>\n","protected":false},"excerpt":{"rendered":"<p>La Secretar\u00eda de Salud de la Municipalidad de San Pedro brinda el informe que acompa\u00f1a la placa del d\u00eda de la fecha, en el seguimiento de la Pandemia de Covid-19. Se recibieron del Laboratorio Centralab los resultados de los \u00faltimos env\u00edos de muestras con 2 resultados positivos, y se confirmaron 62 resultados positivos a trav\u00e9s [&hellip;]<\/p>\n","protected":false},"author":4,"featured_media":79200,"comment_status":"closed","ping_status":"closed","sticky":false,"template":"","format":"standard","meta":{"om_disable_all_campaigns":false,"_jetpack_memberships_contains_paid_content":false,"footnotes":""},"categories":[50,101,2],"tags":[2578,197,2577,696,33,19],"class_list":["post-102526","post","type-post","status-publish","format-standard","has-post-thumbnail","hentry","category-destacadas","category-interes-general-locales","category-locales","tag-279-negativos-y-los-activos-sufren-un-gran-aumento-a-156","tag-buenos-aires","tag-coronavirus-64-nuevos-positivos","tag-interes-general","tag-locales","tag-san-pedro"],"aioseo_notices":[],"gutentor_comment":0,"jetpack_featured_media_url":"https:\/\/eldiariodesanpedro.com.ar\/sitio\/wp-content\/uploads\/2020\/08\/FTRRV773PNB3RI4W5LP3O7ZVUI.jpg","jetpack_shortlink":"https:\/\/wp.me\/p6RhLt-qFE","jetpack_sharing_enabled":true,"_links":{"self":[{"href":"https:\/\/eldiariodesanpedro.com.ar\/sitio\/wp-json\/wp\/v2\/posts\/102526","targetHints":{"allow":["GET"]}}],"collection":[{"href":"https:\/\/eldiariodesanpedro.com.ar\/sitio\/wp-json\/wp\/v2\/posts"}],"about":[{"href":"https:\/\/eldiariodesanpedro.com.ar\/sitio\/wp-json\/wp\/v2\/types\/post"}],"author":[{"embeddable":true,"href":"https:\/\/eldiariodesanpedro.com.ar\/sitio\/wp-json\/wp\/v2\/users\/4"}],"replies":[{"embeddable":true,"href":"https:\/\/eldiariodesanpedro.com.ar\/sitio\/wp-json\/wp\/v2\/comments?post=102526"}],"version-history":[{"count":1,"href":"https:\/\/eldiariodesanpedro.com.ar\/sitio\/wp-json\/wp\/v2\/posts\/102526\/revisions"}],"predecessor-version":[{"id":102527,"href":"https:\/\/eldiariodesanpedro.com.ar\/sitio\/wp-json\/wp\/v2\/posts\/102526\/revisions\/102527"}],"wp:featuredmedia":[{"embeddable":true,"href":"https:\/\/eldiariodesanpedro.com.ar\/sitio\/wp-json\/wp\/v2\/media\/79200"}],"wp:attachment":[{"href":"https:\/\/eldiariodesanpedro.com.ar\/sitio\/wp-json\/wp\/v2\/media?parent=102526"}],"wp:term":[{"taxonomy":"category","embeddable":true,"href":"https:\/\/eldiariodesanpedro.com.ar\/sitio\/wp-json\/wp\/v2\/categories?post=102526"},{"taxonomy":"post_tag","embeddable":true,"href":"https:\/\/eldiariodesanpedro.com.ar\/sitio\/wp-json\/wp\/v2\/tags?post=102526"}],"curies":[{"name":"wp","href":"https:\/\/api.w.org\/{rel}","templated":true}]}}