{"id":102521,"date":"2021-12-27T13:10:24","date_gmt":"2021-12-27T16:10:24","guid":{"rendered":"https:\/\/eldiariodesanpedro.com.ar\/sitio\/?p=102521"},"modified":"2021-12-27T13:10:25","modified_gmt":"2021-12-27T16:10:25","slug":"la-superintendencia-de-seguridad-vial-cumple-109-anos","status":"publish","type":"post","link":"https:\/\/eldiariodesanpedro.com.ar\/sitio\/la-superintendencia-de-seguridad-vial-cumple-109-anos\/","title":{"rendered":"La superintendencia de seguridad vial cumple 109 a\u00f1os"},"content":{"rendered":"<!-- VideographyWP Plugin Message: Automatic video embedding prevented by plugin options. -->\n\n<p>Hoy 27 de diciembre se celebra el 109\u00b0 Aniversario de la Superintendencia de Seguridad Vial, la cual inici\u00f3 sus actividades en el a\u00f1o 1912 a ra\u00edz de la necesidad de prevenir y hacer frente a los actos delictivos y des\u00f3rdenes que se produc\u00edan en los caminos de acceso a la Capital Federal que hab\u00edan quedado sin vigilancia permanente por el levantamiento de la Subcomisaria de Extramuros.<\/p>\n\n\n\n<p>Los antecedentes hist\u00f3ricos indican que en esa fecha en la Orden del D\u00eda N\u00b0 7031 se dio a conocer que se creaba la Secci\u00f3n Caminera.<\/p>\n\n\n\n<p>A partir de su creaci\u00f3n, esta Secci\u00f3n, equipada con motocicletas, junto con la Direcci\u00f3n de Puentes y Caminos de la provincia de Buenos Aires tuvo la misi\u00f3n de ejercer una permanente vigilancia con recorridas por los \u00abcaminos que unen la ciudad de La Plata con la Capital Federal y la metr\u00f3poli de la localidad de Tigre\u00bb.<\/p>\n\n\n\n<p>M\u00e1s tarde, el 12 de enero de 1916 se reorganiz\u00f3 con la nueva denominaci\u00f3n de Polic\u00eda Caminera, compuesta por un grupo de 10 oficiales y 50 vigilantes. De esa manera, la Fuerza dio origen al Cuerpo de Camineros, un elemento de ejecuci\u00f3n netamente operacional cuya misi\u00f3n espec\u00edfica fue el contralor y la seguridad del tr\u00e1nsito en todo el territorio de la provincia, con disposiciones preventivas en m\u00e1s de 19.000 km de extensi\u00f3n en rutas nacionales, provinciales y vecinales que se materializaron en puestos de vigilancia ubicados en lugares estrat\u00e9gicos. Muchos a\u00f1os despu\u00e9s, el 5 de agosto de 1998, con la Ley N\u00b0 12.155 la Caminera cambi\u00f3 de nombre al de Polic\u00eda de Seguridad Vial, integrada por una Direcci\u00f3n General y los Destacamentos.<\/p>\n\n\n\n<p>Esta normativa fue derogada el 20 de junio de 2006 y reemplazada por la que rige actualmente, la Ley N\u00b0 13.482. Esta Ley tambi\u00e9n establece la \u00abPolic\u00eda de Seguridad Vial\u00bb, como una de las Polic\u00edas de Seguridad -con sus misiones espec\u00edficas como tal, art\u00edculo 20-.<\/p>\n\n\n\n<p>Adem\u00e1s, la legislaci\u00f3n explica su estructura en una Superintendencia integrada por los Destacamentos de Polic\u00eda de Seguridad Vial con el objetivo de evitar hechos delictivos en los caminos y rutas provinciales, cuidando que los ciudadanos tengan siempre un viaje tranquilo y seguro.<\/p>\n\n\n\n<figure class=\"wp-block-image size-full\"><img decoding=\"async\" width=\"448\" height=\"630\" data-attachment-id=\"102524\" data-permalink=\"https:\/\/eldiariodesanpedro.com.ar\/sitio\/la-superintendencia-de-seguridad-vial-cumple-109-anos\/whatsapp-image-2021-12-27-at-10-33-36\/\" data-orig-file=\"https:\/\/eldiariodesanpedro.com.ar\/sitio\/wp-content\/uploads\/2021\/12\/WhatsApp-Image-2021-12-27-at-10.33.36.jpeg\" data-orig-size=\"448,630\" data-comments-opened=\"0\" data-image-meta=\"{&quot;aperture&quot;:&quot;0&quot;,&quot;credit&quot;:&quot;&quot;,&quot;camera&quot;:&quot;&quot;,&quot;caption&quot;:&quot;&quot;,&quot;created_timestamp&quot;:&quot;0&quot;,&quot;copyright&quot;:&quot;&quot;,&quot;focal_length&quot;:&quot;0&quot;,&quot;iso&quot;:&quot;0&quot;,&quot;shutter_speed&quot;:&quot;0&quot;,&quot;title&quot;:&quot;&quot;,&quot;orientation&quot;:&quot;0&quot;}\" data-image-title=\"WhatsApp-Image-2021-12-27-at-10.33.36\" data-image-description=\"\" data-image-caption=\"\" data-large-file=\"https:\/\/eldiariodesanpedro.com.ar\/sitio\/wp-content\/uploads\/2021\/12\/WhatsApp-Image-2021-12-27-at-10.33.36.jpeg\" data-src=\"https:\/\/eldiariodesanpedro.com.ar\/sitio\/wp-content\/uploads\/2021\/12\/WhatsApp-Image-2021-12-27-at-10.33.36.jpeg\" alt=\"\" class=\"wp-image-102524 lazyload\" data-srcset=\"https:\/\/eldiariodesanpedro.com.ar\/sitio\/wp-content\/uploads\/2021\/12\/WhatsApp-Image-2021-12-27-at-10.33.36.jpeg 448w, https:\/\/eldiariodesanpedro.com.ar\/sitio\/wp-content\/uploads\/2021\/12\/WhatsApp-Image-2021-12-27-at-10.33.36-213x300.jpeg 213w\" data-sizes=\"(max-width: 448px) 100vw, 448px\" src=\"data:image\/svg+xml;base64,PHN2ZyB3aWR0aD0iMSIgaGVpZ2h0PSIxIiB4bWxucz0iaHR0cDovL3d3dy53My5vcmcvMjAwMC9zdmciPjwvc3ZnPg==\" style=\"--smush-placeholder-width: 448px; --smush-placeholder-aspect-ratio: 448\/630;\" \/><\/figure>\n","protected":false},"excerpt":{"rendered":"<p>Hoy 27 de diciembre se celebra el 109\u00b0 Aniversario de la Superintendencia de Seguridad Vial, la cual inici\u00f3 sus actividades en el a\u00f1o 1912 a ra\u00edz de la necesidad de prevenir y hacer frente a los actos delictivos y des\u00f3rdenes que se produc\u00edan en los caminos de acceso a la Capital Federal que hab\u00edan quedado [&hellip;]<\/p>\n","protected":false},"author":4,"featured_media":102523,"comment_status":"closed","ping_status":"closed","sticky":false,"template":"","format":"standard","meta":{"om_disable_all_campaigns":false,"_jetpack_memberships_contains_paid_content":false,"footnotes":""},"categories":[101,2],"tags":[],"class_list":["post-102521","post","type-post","status-publish","format-standard","has-post-thumbnail","hentry","category-interes-general-locales","category-locales"],"aioseo_notices":[],"gutentor_comment":0,"jetpack_featured_media_url":"https:\/\/eldiariodesanpedro.com.ar\/sitio\/wp-content\/uploads\/2021\/12\/image_1920x_5ec13d52e12da.jpg","jetpack_shortlink":"https:\/\/wp.me\/p6RhLt-qFz","jetpack_sharing_enabled":true,"_links":{"self":[{"href":"https:\/\/eldiariodesanpedro.com.ar\/sitio\/wp-json\/wp\/v2\/posts\/102521","targetHints":{"allow":["GET"]}}],"collection":[{"href":"https:\/\/eldiariodesanpedro.com.ar\/sitio\/wp-json\/wp\/v2\/posts"}],"about":[{"href":"https:\/\/eldiariodesanpedro.com.ar\/sitio\/wp-json\/wp\/v2\/types\/post"}],"author":[{"embeddable":true,"href":"https:\/\/eldiariodesanpedro.com.ar\/sitio\/wp-json\/wp\/v2\/users\/4"}],"replies":[{"embeddable":true,"href":"https:\/\/eldiariodesanpedro.com.ar\/sitio\/wp-json\/wp\/v2\/comments?post=102521"}],"version-history":[{"count":1,"href":"https:\/\/eldiariodesanpedro.com.ar\/sitio\/wp-json\/wp\/v2\/posts\/102521\/revisions"}],"predecessor-version":[{"id":102525,"href":"https:\/\/eldiariodesanpedro.com.ar\/sitio\/wp-json\/wp\/v2\/posts\/102521\/revisions\/102525"}],"wp:featuredmedia":[{"embeddable":true,"href":"https:\/\/eldiariodesanpedro.com.ar\/sitio\/wp-json\/wp\/v2\/media\/102523"}],"wp:attachment":[{"href":"https:\/\/eldiariodesanpedro.com.ar\/sitio\/wp-json\/wp\/v2\/media?parent=102521"}],"wp:term":[{"taxonomy":"category","embeddable":true,"href":"https:\/\/eldiariodesanpedro.com.ar\/sitio\/wp-json\/wp\/v2\/categories?post=102521"},{"taxonomy":"post_tag","embeddable":true,"href":"https:\/\/eldiariodesanpedro.com.ar\/sitio\/wp-json\/wp\/v2\/tags?post=102521"}],"curies":[{"name":"wp","href":"https:\/\/api.w.org\/{rel}","templated":true}]}}