{"id":102518,"date":"2021-12-27T12:17:42","date_gmt":"2021-12-27T15:17:42","guid":{"rendered":"https:\/\/eldiariodesanpedro.com.ar\/sitio\/?p=102518"},"modified":"2021-12-27T12:17:44","modified_gmt":"2021-12-27T15:17:44","slug":"hoy-se-espera-mas-de-37oc-y-da-comienzo-ola-de-calor-posibles-tormentas-para-el-proximo-viernes-31","status":"publish","type":"post","link":"https:\/\/eldiariodesanpedro.com.ar\/sitio\/hoy-se-espera-mas-de-37oc-y-da-comienzo-ola-de-calor-posibles-tormentas-para-el-proximo-viernes-31\/","title":{"rendered":"Hoy se espera mas de 37\u00baC y da comienzo \u00abola de calor\u00bb, posibles tormentas para el proximo viernes 31"},"content":{"rendered":"<!-- VideographyWP Plugin Message: Automatic video embedding prevented by plugin options. -->\n\n<p>Hoy comienza la ola de calor que se extender\u00e1 por varios d\u00edas teniendo unas m\u00e1ximas cercanas a los 40\u00b0 y unas m\u00ednimas de 20-24\u00b0.<\/p>\n\n\n\n<p>Se estima que el cielo estar\u00e1 abierto y con algunos intervalos nubosos.<\/p>\n\n\n\n<p>Para el d\u00eda 31 de diciembre o madrugada del 01 de enero algunos pronosticadores anuncian posibles lluvias y tormentas para la provincia incluyendo nuestra zona que reci\u00e9n daria el alivio de las altas temperaturas .<\/p>\n\n\n\n<p>\u00bfQu\u00e9 es una ola de calor?<\/p>\n\n\n\n<p>Un evento de ola de calor se define cuando las temperaturas m\u00e1ximas y m\u00ednimas superan o igualan, por lo menos durante 3 d\u00edas consecutivos y en forma simult\u00e1nea, ciertos valores umbrales que dependen de cada localidad (percentil 90 del semestre c\u00e1lido octubre-marzo).<\/p>\n\n\n\n<figure class=\"wp-block-image size-full\"><img decoding=\"async\" width=\"630\" height=\"630\" data-attachment-id=\"102519\" data-permalink=\"https:\/\/eldiariodesanpedro.com.ar\/sitio\/hoy-se-espera-mas-de-37oc-y-da-comienzo-ola-de-calor-posibles-tormentas-para-el-proximo-viernes-31\/269832257_4762239203883266_5159151992523630011_n\/\" data-orig-file=\"https:\/\/eldiariodesanpedro.com.ar\/sitio\/wp-content\/uploads\/2021\/12\/269832257_4762239203883266_5159151992523630011_n.jpg\" data-orig-size=\"630,630\" data-comments-opened=\"0\" data-image-meta=\"{&quot;aperture&quot;:&quot;0&quot;,&quot;credit&quot;:&quot;&quot;,&quot;camera&quot;:&quot;&quot;,&quot;caption&quot;:&quot;&quot;,&quot;created_timestamp&quot;:&quot;0&quot;,&quot;copyright&quot;:&quot;&quot;,&quot;focal_length&quot;:&quot;0&quot;,&quot;iso&quot;:&quot;0&quot;,&quot;shutter_speed&quot;:&quot;0&quot;,&quot;title&quot;:&quot;&quot;,&quot;orientation&quot;:&quot;0&quot;}\" data-image-title=\"269832257_4762239203883266_5159151992523630011_n\" data-image-description=\"\" data-image-caption=\"\" data-large-file=\"https:\/\/eldiariodesanpedro.com.ar\/sitio\/wp-content\/uploads\/2021\/12\/269832257_4762239203883266_5159151992523630011_n.jpg\" data-src=\"https:\/\/eldiariodesanpedro.com.ar\/sitio\/wp-content\/uploads\/2021\/12\/269832257_4762239203883266_5159151992523630011_n.jpg\" alt=\"\" class=\"wp-image-102519 lazyload\" data-srcset=\"https:\/\/eldiariodesanpedro.com.ar\/sitio\/wp-content\/uploads\/2021\/12\/269832257_4762239203883266_5159151992523630011_n.jpg 630w, https:\/\/eldiariodesanpedro.com.ar\/sitio\/wp-content\/uploads\/2021\/12\/269832257_4762239203883266_5159151992523630011_n-300x300.jpg 300w, https:\/\/eldiariodesanpedro.com.ar\/sitio\/wp-content\/uploads\/2021\/12\/269832257_4762239203883266_5159151992523630011_n-150x150.jpg 150w\" data-sizes=\"(max-width: 630px) 100vw, 630px\" src=\"data:image\/svg+xml;base64,PHN2ZyB3aWR0aD0iMSIgaGVpZ2h0PSIxIiB4bWxucz0iaHR0cDovL3d3dy53My5vcmcvMjAwMC9zdmciPjwvc3ZnPg==\" style=\"--smush-placeholder-width: 630px; --smush-placeholder-aspect-ratio: 630\/630;\" \/><\/figure>\n","protected":false},"excerpt":{"rendered":"<p>Hoy comienza la ola de calor que se extender\u00e1 por varios d\u00edas teniendo unas m\u00e1ximas cercanas a los 40\u00b0 y unas m\u00ednimas de 20-24\u00b0. Se estima que el cielo estar\u00e1 abierto y con algunos intervalos nubosos. Para el d\u00eda 31 de diciembre o madrugada del 01 de enero algunos pronosticadores anuncian posibles lluvias y tormentas [&hellip;]<\/p>\n","protected":false},"author":4,"featured_media":102515,"comment_status":"closed","ping_status":"closed","sticky":false,"template":"","format":"standard","meta":{"om_disable_all_campaigns":false,"_jetpack_memberships_contains_paid_content":false,"footnotes":""},"categories":[50,101,2],"tags":[197,696,33,19],"class_list":["post-102518","post","type-post","status-publish","format-standard","has-post-thumbnail","hentry","category-destacadas","category-interes-general-locales","category-locales","tag-buenos-aires","tag-interes-general","tag-locales","tag-san-pedro"],"aioseo_notices":[],"gutentor_comment":0,"jetpack_featured_media_url":"https:\/\/eldiariodesanpedro.com.ar\/sitio\/wp-content\/uploads\/2021\/12\/ola-de-calor-argentina-1258550.jpg","jetpack_shortlink":"https:\/\/wp.me\/p6RhLt-qFw","jetpack_sharing_enabled":true,"_links":{"self":[{"href":"https:\/\/eldiariodesanpedro.com.ar\/sitio\/wp-json\/wp\/v2\/posts\/102518","targetHints":{"allow":["GET"]}}],"collection":[{"href":"https:\/\/eldiariodesanpedro.com.ar\/sitio\/wp-json\/wp\/v2\/posts"}],"about":[{"href":"https:\/\/eldiariodesanpedro.com.ar\/sitio\/wp-json\/wp\/v2\/types\/post"}],"author":[{"embeddable":true,"href":"https:\/\/eldiariodesanpedro.com.ar\/sitio\/wp-json\/wp\/v2\/users\/4"}],"replies":[{"embeddable":true,"href":"https:\/\/eldiariodesanpedro.com.ar\/sitio\/wp-json\/wp\/v2\/comments?post=102518"}],"version-history":[{"count":1,"href":"https:\/\/eldiariodesanpedro.com.ar\/sitio\/wp-json\/wp\/v2\/posts\/102518\/revisions"}],"predecessor-version":[{"id":102520,"href":"https:\/\/eldiariodesanpedro.com.ar\/sitio\/wp-json\/wp\/v2\/posts\/102518\/revisions\/102520"}],"wp:featuredmedia":[{"embeddable":true,"href":"https:\/\/eldiariodesanpedro.com.ar\/sitio\/wp-json\/wp\/v2\/media\/102515"}],"wp:attachment":[{"href":"https:\/\/eldiariodesanpedro.com.ar\/sitio\/wp-json\/wp\/v2\/media?parent=102518"}],"wp:term":[{"taxonomy":"category","embeddable":true,"href":"https:\/\/eldiariodesanpedro.com.ar\/sitio\/wp-json\/wp\/v2\/categories?post=102518"},{"taxonomy":"post_tag","embeddable":true,"href":"https:\/\/eldiariodesanpedro.com.ar\/sitio\/wp-json\/wp\/v2\/tags?post=102518"}],"curies":[{"name":"wp","href":"https:\/\/api.w.org\/{rel}","templated":true}]}}