{"id":102512,"date":"2021-12-27T11:14:54","date_gmt":"2021-12-27T14:14:54","guid":{"rendered":"https:\/\/eldiariodesanpedro.com.ar\/sitio\/?p=102512"},"modified":"2021-12-27T11:14:56","modified_gmt":"2021-12-27T14:14:56","slug":"una-menor-apedreada-por-otro-ciudadano-mayor-de-edad","status":"publish","type":"post","link":"https:\/\/eldiariodesanpedro.com.ar\/sitio\/una-menor-apedreada-por-otro-ciudadano-mayor-de-edad\/","title":{"rendered":"Una menor apedreada por otro ciudadano mayor de edad"},"content":{"rendered":"<!-- VideographyWP Plugin Message: Automatic video embedding prevented by plugin options. -->\n\n<p>Este domingo una mujer de 29 a\u00f1os de edad realiz\u00f3 una denuncia en la comisar\u00eda local donde indica que alrededor de las 15 hs del mismo d\u00eda en la zona del Barrio La Tosquera mientras caminaba con su hija de 14 a\u00f1os la misma es golpeada en la espalda a piedrazos por otro sujeto mayor de edad.<\/p>\n\n\n\n<p>Desconoce los motivos por los que esta persona a la cual conoce agredi\u00f3 a su hija, afortunadamente la joven solo result\u00f3 con lesiones de car\u00e1cter leves.<\/p>\n","protected":false},"excerpt":{"rendered":"<p>Este domingo una mujer de 29 a\u00f1os de edad realiz\u00f3 una denuncia en la comisar\u00eda local donde indica que alrededor de las 15 hs del mismo d\u00eda en la zona del Barrio La Tosquera mientras caminaba con su hija de 14 a\u00f1os la misma es golpeada en la espalda a piedrazos por otro sujeto mayor [&hellip;]<\/p>\n","protected":false},"author":4,"featured_media":80744,"comment_status":"closed","ping_status":"closed","sticky":false,"template":"","format":"standard","meta":{"om_disable_all_campaigns":false,"_jetpack_memberships_contains_paid_content":false,"footnotes":""},"categories":[2,103],"tags":[197,95,19],"class_list":["post-102512","post","type-post","status-publish","format-standard","has-post-thumbnail","hentry","category-locales","category-policiales-locales","tag-buenos-aires","tag-policiales","tag-san-pedro"],"aioseo_notices":[],"gutentor_comment":0,"jetpack_featured_media_url":"https:\/\/eldiariodesanpedro.com.ar\/sitio\/wp-content\/uploads\/2020\/09\/patrulla-rural.jpg","jetpack_shortlink":"https:\/\/wp.me\/p6RhLt-qFq","jetpack_sharing_enabled":true,"_links":{"self":[{"href":"https:\/\/eldiariodesanpedro.com.ar\/sitio\/wp-json\/wp\/v2\/posts\/102512","targetHints":{"allow":["GET"]}}],"collection":[{"href":"https:\/\/eldiariodesanpedro.com.ar\/sitio\/wp-json\/wp\/v2\/posts"}],"about":[{"href":"https:\/\/eldiariodesanpedro.com.ar\/sitio\/wp-json\/wp\/v2\/types\/post"}],"author":[{"embeddable":true,"href":"https:\/\/eldiariodesanpedro.com.ar\/sitio\/wp-json\/wp\/v2\/users\/4"}],"replies":[{"embeddable":true,"href":"https:\/\/eldiariodesanpedro.com.ar\/sitio\/wp-json\/wp\/v2\/comments?post=102512"}],"version-history":[{"count":1,"href":"https:\/\/eldiariodesanpedro.com.ar\/sitio\/wp-json\/wp\/v2\/posts\/102512\/revisions"}],"predecessor-version":[{"id":102513,"href":"https:\/\/eldiariodesanpedro.com.ar\/sitio\/wp-json\/wp\/v2\/posts\/102512\/revisions\/102513"}],"wp:featuredmedia":[{"embeddable":true,"href":"https:\/\/eldiariodesanpedro.com.ar\/sitio\/wp-json\/wp\/v2\/media\/80744"}],"wp:attachment":[{"href":"https:\/\/eldiariodesanpedro.com.ar\/sitio\/wp-json\/wp\/v2\/media?parent=102512"}],"wp:term":[{"taxonomy":"category","embeddable":true,"href":"https:\/\/eldiariodesanpedro.com.ar\/sitio\/wp-json\/wp\/v2\/categories?post=102512"},{"taxonomy":"post_tag","embeddable":true,"href":"https:\/\/eldiariodesanpedro.com.ar\/sitio\/wp-json\/wp\/v2\/tags?post=102512"}],"curies":[{"name":"wp","href":"https:\/\/api.w.org\/{rel}","templated":true}]}}