{"id":10251,"date":"2016-11-15T18:41:31","date_gmt":"2016-11-15T21:41:31","guid":{"rendered":"https:\/\/eldiariodesanpedro.com.ar\/sitio\/?p=10251"},"modified":"2016-11-15T18:41:31","modified_gmt":"2016-11-15T21:41:31","slug":"manana-habra-actividades-en-el-cic-por-el-dia-mundial-de-la-diabetes","status":"publish","type":"post","link":"https:\/\/eldiariodesanpedro.com.ar\/sitio\/manana-habra-actividades-en-el-cic-por-el-dia-mundial-de-la-diabetes\/","title":{"rendered":"Ma\u00f1ana habr\u00e1 actividades en el CIC por el D\u00eda Mundial de la Diabetes"},"content":{"rendered":"<p><!-- VideographyWP Plugin Message: Automatic video embedding prevented by plugin options. --><br \/>\nInstaurado por la Federaci\u00f3n Internacional de Diabetes (FID) y la Organizaci\u00f3n Mundial de la Salud (OMS) desde 1991, el 14 de noviembre se conmemora el D\u00eda Mundial de la Diabetes, como respuesta al alarmante aumento de casos detectados en el mundo.<\/p>\n<p>En la Argentina hay casi 3 millones de enfermos de diabetes y se estima que para el 2030, 1 de cada 10 adultos podr\u00eda padecer dicha enfermedad.<\/p>\n<p>En ese marco, el grupo Creando Conciencia organiz\u00f3 una jornada de concientizaci\u00f3n que tendr\u00e1 lugar hoy desde las 9.00. El lugar elegido para las actividades fue el CIC de Hermano Indio y Casella.<\/p>\n","protected":false},"excerpt":{"rendered":"<p>Instaurado por la Federaci\u00f3n Internacional de Diabetes (FID) y la Organizaci\u00f3n Mundial de la Salud (OMS) desde 1991, el 14 de noviembre se conmemora el D\u00eda Mundial de la Diabetes, como respuesta al alarmante aumento de casos detectados en el mundo. En la Argentina hay casi 3 millones de enfermos de diabetes y se estima [&hellip;]<\/p>\n","protected":false},"author":4,"featured_media":3126,"comment_status":"open","ping_status":"closed","sticky":false,"template":"","format":"standard","meta":{"om_disable_all_campaigns":false,"_jetpack_memberships_contains_paid_content":false,"footnotes":""},"categories":[101,2],"tags":[],"class_list":["post-10251","post","type-post","status-publish","format-standard","has-post-thumbnail","hentry","category-interes-general-locales","category-locales"],"aioseo_notices":[],"gutentor_comment":0,"jetpack_featured_media_url":"https:\/\/eldiariodesanpedro.com.ar\/sitio\/wp-content\/uploads\/2016\/04\/Centro-de-Comercio-e-industria.jpg","jetpack_shortlink":"https:\/\/wp.me\/p6RhLt-2Fl","jetpack_sharing_enabled":true,"_links":{"self":[{"href":"https:\/\/eldiariodesanpedro.com.ar\/sitio\/wp-json\/wp\/v2\/posts\/10251","targetHints":{"allow":["GET"]}}],"collection":[{"href":"https:\/\/eldiariodesanpedro.com.ar\/sitio\/wp-json\/wp\/v2\/posts"}],"about":[{"href":"https:\/\/eldiariodesanpedro.com.ar\/sitio\/wp-json\/wp\/v2\/types\/post"}],"author":[{"embeddable":true,"href":"https:\/\/eldiariodesanpedro.com.ar\/sitio\/wp-json\/wp\/v2\/users\/4"}],"replies":[{"embeddable":true,"href":"https:\/\/eldiariodesanpedro.com.ar\/sitio\/wp-json\/wp\/v2\/comments?post=10251"}],"version-history":[{"count":1,"href":"https:\/\/eldiariodesanpedro.com.ar\/sitio\/wp-json\/wp\/v2\/posts\/10251\/revisions"}],"predecessor-version":[{"id":10252,"href":"https:\/\/eldiariodesanpedro.com.ar\/sitio\/wp-json\/wp\/v2\/posts\/10251\/revisions\/10252"}],"wp:featuredmedia":[{"embeddable":true,"href":"https:\/\/eldiariodesanpedro.com.ar\/sitio\/wp-json\/wp\/v2\/media\/3126"}],"wp:attachment":[{"href":"https:\/\/eldiariodesanpedro.com.ar\/sitio\/wp-json\/wp\/v2\/media?parent=10251"}],"wp:term":[{"taxonomy":"category","embeddable":true,"href":"https:\/\/eldiariodesanpedro.com.ar\/sitio\/wp-json\/wp\/v2\/categories?post=10251"},{"taxonomy":"post_tag","embeddable":true,"href":"https:\/\/eldiariodesanpedro.com.ar\/sitio\/wp-json\/wp\/v2\/tags?post=10251"}],"curies":[{"name":"wp","href":"https:\/\/api.w.org\/{rel}","templated":true}]}}