{"id":102507,"date":"2021-12-27T09:37:15","date_gmt":"2021-12-27T12:37:15","guid":{"rendered":"https:\/\/eldiariodesanpedro.com.ar\/sitio\/?p=102507"},"modified":"2021-12-27T09:37:17","modified_gmt":"2021-12-27T12:37:17","slug":"cuatro-menores-fueron-aprehendidos-por-robo-a-otras-dos-menores-dos-de-ellos-ya-habian-cometido-otro-ilicito-el-pasado-sabado","status":"publish","type":"post","link":"https:\/\/eldiariodesanpedro.com.ar\/sitio\/cuatro-menores-fueron-aprehendidos-por-robo-a-otras-dos-menores-dos-de-ellos-ya-habian-cometido-otro-ilicito-el-pasado-sabado\/","title":{"rendered":"Cuatro menores fueron aprehendidos por robo a otras dos menores, dos de ellos ya hab\u00edan cometido otro il\u00edcito el pasado s\u00e1bado"},"content":{"rendered":"<!-- VideographyWP Plugin Message: Automatic video embedding prevented by plugin options. -->\n\n<p>En la madrugada de hoy el persona Personal policial de la comisar\u00eda en amplio operativo cerrojo, procedi\u00f3 a la aprehensi\u00f3n de j\u00f3venes de 17 a\u00f1os de edad, 15 a\u00f1os de edad, y dos j\u00f3venes de 14 a\u00f1os de edad y al secuestro de un tel\u00e9fono celular dorado, un buzo color gris que sustrajeron a punta de arma blanca a dos ni\u00f1as de 15 a\u00f1os en Plaza Constituci\u00f3n calle Irigoyen y Mitre San Pedro, las v\u00edctimas resultaron ilesas.<\/p>\n\n\n\n<p>A uno de los cacos (el de 17) se lo detuvo infraganti delito a una cuadra del lugar del hecho, a los restantes en Jos\u00e9 Hern\u00e1ndez al 300.&nbsp;<\/p>\n\n\n\n<p>En poder de los delincuentes se secuestr\u00f3 adem\u00e1s un frente de estereo estableci\u00e9ndose fue sustra\u00eddo momentos antes de interior autom\u00f3vil estacionado camping Mansalyfe tras violencia en el veh\u00edculo, los aprehendidos est\u00e1n a disposici\u00f3n de la justicia juvenil de San Nicol\u00e1s, dos de los cacos de 15 y 17 a\u00f1os son los mismos que robaran y fueran detenidos en la.madrugada del d\u00eda s\u00e1bado pasado por otro hecho delictivo, cu\u00e1ndo robaran bicicleta y reposera recuperados por la polic\u00eda.<\/p>\n","protected":false},"excerpt":{"rendered":"<p>En la madrugada de hoy el persona Personal policial de la comisar\u00eda en amplio operativo cerrojo, procedi\u00f3 a la aprehensi\u00f3n de j\u00f3venes de 17 a\u00f1os de edad, 15 a\u00f1os de edad, y dos j\u00f3venes de 14 a\u00f1os de edad y al secuestro de un tel\u00e9fono celular dorado, un buzo color gris que sustrajeron a punta [&hellip;]<\/p>\n","protected":false},"author":4,"featured_media":68206,"comment_status":"closed","ping_status":"closed","sticky":false,"template":"","format":"standard","meta":{"om_disable_all_campaigns":false,"_jetpack_memberships_contains_paid_content":false,"footnotes":""},"categories":[50,2,103],"tags":[197,2574,2575,33,95,19],"class_list":["post-102507","post","type-post","status-publish","format-standard","has-post-thumbnail","hentry","category-destacadas","category-locales","category-policiales-locales","tag-buenos-aires","tag-cuatro-menores-fueron-aprehendidos-por-robo-a-otras-dos-menores","tag-dos-de-ellos-ya-habian-cometido-otro-ilicito-el-pasado-sabado","tag-locales","tag-policiales","tag-san-pedro"],"aioseo_notices":[],"gutentor_comment":0,"jetpack_featured_media_url":"https:\/\/eldiariodesanpedro.com.ar\/sitio\/wp-content\/uploads\/2020\/02\/SUJETOS-DETENIDOS.jpg","jetpack_shortlink":"https:\/\/wp.me\/p6RhLt-qFl","jetpack_sharing_enabled":true,"_links":{"self":[{"href":"https:\/\/eldiariodesanpedro.com.ar\/sitio\/wp-json\/wp\/v2\/posts\/102507","targetHints":{"allow":["GET"]}}],"collection":[{"href":"https:\/\/eldiariodesanpedro.com.ar\/sitio\/wp-json\/wp\/v2\/posts"}],"about":[{"href":"https:\/\/eldiariodesanpedro.com.ar\/sitio\/wp-json\/wp\/v2\/types\/post"}],"author":[{"embeddable":true,"href":"https:\/\/eldiariodesanpedro.com.ar\/sitio\/wp-json\/wp\/v2\/users\/4"}],"replies":[{"embeddable":true,"href":"https:\/\/eldiariodesanpedro.com.ar\/sitio\/wp-json\/wp\/v2\/comments?post=102507"}],"version-history":[{"count":1,"href":"https:\/\/eldiariodesanpedro.com.ar\/sitio\/wp-json\/wp\/v2\/posts\/102507\/revisions"}],"predecessor-version":[{"id":102508,"href":"https:\/\/eldiariodesanpedro.com.ar\/sitio\/wp-json\/wp\/v2\/posts\/102507\/revisions\/102508"}],"wp:featuredmedia":[{"embeddable":true,"href":"https:\/\/eldiariodesanpedro.com.ar\/sitio\/wp-json\/wp\/v2\/media\/68206"}],"wp:attachment":[{"href":"https:\/\/eldiariodesanpedro.com.ar\/sitio\/wp-json\/wp\/v2\/media?parent=102507"}],"wp:term":[{"taxonomy":"category","embeddable":true,"href":"https:\/\/eldiariodesanpedro.com.ar\/sitio\/wp-json\/wp\/v2\/categories?post=102507"},{"taxonomy":"post_tag","embeddable":true,"href":"https:\/\/eldiariodesanpedro.com.ar\/sitio\/wp-json\/wp\/v2\/tags?post=102507"}],"curies":[{"name":"wp","href":"https:\/\/api.w.org\/{rel}","templated":true}]}}