{"id":102504,"date":"2021-12-27T09:02:29","date_gmt":"2021-12-27T12:02:29","guid":{"rendered":"https:\/\/eldiariodesanpedro.com.ar\/sitio\/?p=102504"},"modified":"2021-12-27T09:02:31","modified_gmt":"2021-12-27T12:02:31","slug":"nahuel-pennisi-estara-manana-para-inaugurar-el-parador-recreo","status":"publish","type":"post","link":"https:\/\/eldiariodesanpedro.com.ar\/sitio\/nahuel-pennisi-estara-manana-para-inaugurar-el-parador-recreo\/","title":{"rendered":"Nahuel Pennisi estar\u00e1 ma\u00f1ana para inaugurar el parador Recreo"},"content":{"rendered":"<!-- VideographyWP Plugin Message: Automatic video embedding prevented by plugin options. -->\n\n<p>Este martes 28 de diciembre alrededor de las 11 hs el gobernador Axel Kicillof visitar\u00e1 San Pedro con una agenda cuyos detalles est\u00e1n siendo definidos en conjunto por el gobierno municipal y el equipo del mandatario provincial.<\/p>\n\n\n\n<p>Se realizar\u00e1 la inauguraci\u00f3n del Parador Tur\u00edstico del programa RECREO que funcionar\u00e1 toda la temporada en el Paseo Agenor Almada con la presencia del cantautor Nahuel Penisi quien har\u00e1 una presentaci\u00f3n en el escenario del parador.<\/p>\n\n\n\n<p>La visita del Gobernador junto a funcionarios de su equipo, entre ellos el Ministro de Producci\u00f3n, Ciencia e Innovaci\u00f3n Tecnol\u00f3gica Augusto Costa,&nbsp; constituye un hecho sumamente relevante para impulsar una de las iniciativas m\u00e1s importantes sobre las que se ha venido trabajando en los \u00faltimos meses.&nbsp;<\/p>\n","protected":false},"excerpt":{"rendered":"<p>Este martes 28 de diciembre alrededor de las 11 hs el gobernador Axel Kicillof visitar\u00e1 San Pedro con una agenda cuyos detalles est\u00e1n siendo definidos en conjunto por el gobierno municipal y el equipo del mandatario provincial. Se realizar\u00e1 la inauguraci\u00f3n del Parador Tur\u00edstico del programa RECREO que funcionar\u00e1 toda la temporada en el Paseo [&hellip;]<\/p>\n","protected":false},"author":4,"featured_media":102505,"comment_status":"closed","ping_status":"closed","sticky":false,"template":"","format":"standard","meta":{"om_disable_all_campaigns":false,"_jetpack_memberships_contains_paid_content":false,"footnotes":""},"categories":[50,101,2],"tags":[197,696,33,2572,2573,19],"class_list":["post-102504","post","type-post","status-publish","format-standard","has-post-thumbnail","hentry","category-destacadas","category-interes-general-locales","category-locales","tag-buenos-aires","tag-interes-general","tag-locales","tag-nahuel-pennisi","tag-parador-recreo","tag-san-pedro"],"aioseo_notices":[],"gutentor_comment":0,"jetpack_featured_media_url":"https:\/\/eldiariodesanpedro.com.ar\/sitio\/wp-content\/uploads\/2021\/12\/Nahuel-Pennisi-1280x720-1.jpg","jetpack_shortlink":"https:\/\/wp.me\/p6RhLt-qFi","jetpack_sharing_enabled":true,"_links":{"self":[{"href":"https:\/\/eldiariodesanpedro.com.ar\/sitio\/wp-json\/wp\/v2\/posts\/102504","targetHints":{"allow":["GET"]}}],"collection":[{"href":"https:\/\/eldiariodesanpedro.com.ar\/sitio\/wp-json\/wp\/v2\/posts"}],"about":[{"href":"https:\/\/eldiariodesanpedro.com.ar\/sitio\/wp-json\/wp\/v2\/types\/post"}],"author":[{"embeddable":true,"href":"https:\/\/eldiariodesanpedro.com.ar\/sitio\/wp-json\/wp\/v2\/users\/4"}],"replies":[{"embeddable":true,"href":"https:\/\/eldiariodesanpedro.com.ar\/sitio\/wp-json\/wp\/v2\/comments?post=102504"}],"version-history":[{"count":1,"href":"https:\/\/eldiariodesanpedro.com.ar\/sitio\/wp-json\/wp\/v2\/posts\/102504\/revisions"}],"predecessor-version":[{"id":102506,"href":"https:\/\/eldiariodesanpedro.com.ar\/sitio\/wp-json\/wp\/v2\/posts\/102504\/revisions\/102506"}],"wp:featuredmedia":[{"embeddable":true,"href":"https:\/\/eldiariodesanpedro.com.ar\/sitio\/wp-json\/wp\/v2\/media\/102505"}],"wp:attachment":[{"href":"https:\/\/eldiariodesanpedro.com.ar\/sitio\/wp-json\/wp\/v2\/media?parent=102504"}],"wp:term":[{"taxonomy":"category","embeddable":true,"href":"https:\/\/eldiariodesanpedro.com.ar\/sitio\/wp-json\/wp\/v2\/categories?post=102504"},{"taxonomy":"post_tag","embeddable":true,"href":"https:\/\/eldiariodesanpedro.com.ar\/sitio\/wp-json\/wp\/v2\/tags?post=102504"}],"curies":[{"name":"wp","href":"https:\/\/api.w.org\/{rel}","templated":true}]}}