{"id":102501,"date":"2021-12-27T08:55:34","date_gmt":"2021-12-27T11:55:34","guid":{"rendered":"https:\/\/eldiariodesanpedro.com.ar\/sitio\/?p=102501"},"modified":"2021-12-27T08:55:35","modified_gmt":"2021-12-27T11:55:35","slug":"el-gobernador-inaugura-manana-el-parador-de-recreo-en-san-pedro","status":"publish","type":"post","link":"https:\/\/eldiariodesanpedro.com.ar\/sitio\/el-gobernador-inaugura-manana-el-parador-de-recreo-en-san-pedro\/","title":{"rendered":"El Gobernador inaugura ma\u00f1ana el Parador de RECREO en San Pedro"},"content":{"rendered":"<!-- VideographyWP Plugin Message: Automatic video embedding prevented by plugin options. -->\n\n<p>Este martes 28 de diciembre por la ma\u00f1ana el gobernador Axel Kicillof visitar\u00e1 San Pedro con una agenda cuyos detalles est\u00e1n siendo definidos en conjunto por el gobierno municipal y el equipo del mandatario provincial.<\/p>\n\n\n\n<p>Se ultiman detalles para la inauguraci\u00f3n del Parador Tur\u00edstico del programa RECREO que funcionar\u00e1 toda la temporada en el Paseo Agenor Almada y un encuentro con empresarios, dirigentes institucionales y gremiales e invitados especiales de la zona, nada m\u00e1s y nada menos, que en el predio sobre el que se proyecta un Parque Agroindustrial.<\/p>\n\n\n\n<p>La visita del Gobernador junto a funcionarios de su equipo, entre ellos el Ministro de Producci\u00f3n, Ciencia e Innovaci\u00f3n Tecnol\u00f3gica Augusto Costa, constituye un hecho sumamente relevante para impulsar una de las iniciativas m\u00e1s importantes sobre las que se ha venido trabajando en los \u00faltimos meses.<\/p>\n\n\n\n<p>Cabe recordar que San Pedro ya present\u00f3 toda la documentaci\u00f3n para darle continuidad a este ambicioso y estrat\u00e9gico proyecto para la regi\u00f3n.<\/p>\n\n\n\n<p>Esta presencia a pocas horas del final del a\u00f1o, ratifica el excelente v\u00ednculo entre el gobierno provincial y la gesti\u00f3n llevada adelante en los \u00faltimos a\u00f1os por el Intendente Cecilio Salazar y continuada ahora por el Dr. Ram\u00f3n Salazar.<\/p>\n\n\n\n<p>Coincide adem\u00e1s, con la hist\u00f3rica operatoria de importaci\u00f3n de bananas a trav\u00e9s del Puerto de San Pedro y dentro de la agenda podr\u00eda incluirse una visita a la terminal portuaria local.<\/p>\n\n\n\n<p>El gobierno de la Provincia ha lanzado el Programa RECREO que tal como fue anunciado hace algunos meses desde la Secretar\u00eda de Turismo, ha elegido a San Pedro para ofrecer en su segunda temporada un circuito de actividades gratuitas para residentes y tur\u00edsticas durante toda la temporada y con la llegada de sus responsables se presentar\u00e1 toda la propuesta.<\/p>\n","protected":false},"excerpt":{"rendered":"<p>Este martes 28 de diciembre por la ma\u00f1ana el gobernador Axel Kicillof visitar\u00e1 San Pedro con una agenda cuyos detalles est\u00e1n siendo definidos en conjunto por el gobierno municipal y el equipo del mandatario provincial. Se ultiman detalles para la inauguraci\u00f3n del Parador Tur\u00edstico del programa RECREO que funcionar\u00e1 toda la temporada en el Paseo [&hellip;]<\/p>\n","protected":false},"author":4,"featured_media":102502,"comment_status":"closed","ping_status":"closed","sticky":false,"template":"","format":"standard","meta":{"om_disable_all_campaigns":false,"_jetpack_memberships_contains_paid_content":false,"footnotes":""},"categories":[50,101,2],"tags":[],"class_list":["post-102501","post","type-post","status-publish","format-standard","has-post-thumbnail","hentry","category-destacadas","category-interes-general-locales","category-locales"],"aioseo_notices":[],"gutentor_comment":0,"jetpack_featured_media_url":"https:\/\/eldiariodesanpedro.com.ar\/sitio\/wp-content\/uploads\/2021\/12\/WhatsApp-Image-2021-12-26-at-23.33.06.jpeg","jetpack_shortlink":"https:\/\/wp.me\/p6RhLt-qFf","jetpack_sharing_enabled":true,"_links":{"self":[{"href":"https:\/\/eldiariodesanpedro.com.ar\/sitio\/wp-json\/wp\/v2\/posts\/102501","targetHints":{"allow":["GET"]}}],"collection":[{"href":"https:\/\/eldiariodesanpedro.com.ar\/sitio\/wp-json\/wp\/v2\/posts"}],"about":[{"href":"https:\/\/eldiariodesanpedro.com.ar\/sitio\/wp-json\/wp\/v2\/types\/post"}],"author":[{"embeddable":true,"href":"https:\/\/eldiariodesanpedro.com.ar\/sitio\/wp-json\/wp\/v2\/users\/4"}],"replies":[{"embeddable":true,"href":"https:\/\/eldiariodesanpedro.com.ar\/sitio\/wp-json\/wp\/v2\/comments?post=102501"}],"version-history":[{"count":1,"href":"https:\/\/eldiariodesanpedro.com.ar\/sitio\/wp-json\/wp\/v2\/posts\/102501\/revisions"}],"predecessor-version":[{"id":102503,"href":"https:\/\/eldiariodesanpedro.com.ar\/sitio\/wp-json\/wp\/v2\/posts\/102501\/revisions\/102503"}],"wp:featuredmedia":[{"embeddable":true,"href":"https:\/\/eldiariodesanpedro.com.ar\/sitio\/wp-json\/wp\/v2\/media\/102502"}],"wp:attachment":[{"href":"https:\/\/eldiariodesanpedro.com.ar\/sitio\/wp-json\/wp\/v2\/media?parent=102501"}],"wp:term":[{"taxonomy":"category","embeddable":true,"href":"https:\/\/eldiariodesanpedro.com.ar\/sitio\/wp-json\/wp\/v2\/categories?post=102501"},{"taxonomy":"post_tag","embeddable":true,"href":"https:\/\/eldiariodesanpedro.com.ar\/sitio\/wp-json\/wp\/v2\/tags?post=102501"}],"curies":[{"name":"wp","href":"https:\/\/api.w.org\/{rel}","templated":true}]}}