{"id":102496,"date":"2021-12-27T08:50:51","date_gmt":"2021-12-27T11:50:51","guid":{"rendered":"https:\/\/eldiariodesanpedro.com.ar\/sitio\/?p=102496"},"modified":"2021-12-27T08:50:53","modified_gmt":"2021-12-27T11:50:53","slug":"descubren-perezoso-fosil-mordido-por-un-oso-prehistorico-gigante","status":"publish","type":"post","link":"https:\/\/eldiariodesanpedro.com.ar\/sitio\/descubren-perezoso-fosil-mordido-por-un-oso-prehistorico-gigante\/","title":{"rendered":"Descubren perezoso f\u00f3sil mordido por un oso prehist\u00f3rico gigante"},"content":{"rendered":"<!-- VideographyWP Plugin Message: Automatic video embedding prevented by plugin options. -->\n\n<p><strong>Son restos de un lestodonte que presentan contundentes marcas de una terrible mordida. El f\u00f3sil fue descubierto en San Pedro y tiene m\u00e1s de 200.000 a\u00f1os.<\/strong><\/p>\n\n\n\n<p>En el partido de San Pedro, a 170 kil\u00f3metros de Buenos Aires, se descubrieron restos fosilizados de un enorme <strong>perezoso terrestre<\/strong>, con tremendas mordidas en su brazo izquierdo.<\/p>\n\n\n\n<p>El hallazgo fue realizado por el Grupo Conservacionista de F\u00f3siles, equipo del Museo Paleontol\u00f3gico de San Pedro, en Campo Sp\u00f3sito, un prol\u00edfico yacimiento de f\u00f3siles ubicado en una zona conocida como Bajo del Tala.<\/p>\n\n\n\n<p>El f\u00f3sil recuperado proviene de sedimentos depositados hace m\u00e1s de 200.000 a\u00f1os, en el lecho de un antiguo r\u00edo. El equipo del Museo Paleontol\u00f3gico de San Pedro excava ese lugar desde 2001 y ya han recuperado decenas de piezas de diversas especies de mam\u00edferos f\u00f3siles.<\/p>\n\n\n\n<p>Hace unos d\u00edas, un equipo conformado por <strong>Simonini, Aguilar, Parra, Chiodini, Mart\u00ednez, Saucedo y Swistun<\/strong>, dejaron al descubierto un sector donde apareci\u00f3 el h\u00famero completo de un <strong><em>Lestodonte<\/em><\/strong> (<em>Lestodon armatus<\/em>) que fue cuidadosamente preparado y trasladado al laboratorio del museo, como se hace habitualmente.<\/p>\n\n\n\n<p>Una vez all\u00ed, al efectuar la limpieza de rutina y para sorpresa de los investigadores, notaron dos zonas en el hueso donde se observan quebraduras producidas por una gran presi\u00f3n externa. El hueso, de unos 65 cm de largo y unos 25 cm de ancho, est\u00e1 fracturado hacia adentro como si alguien o algo, hubiera aplicado una enorme fuerza en dos puntos muy precisos ubicados en ambas caras del hueso.<\/p>\n\n\n\n<p><strong>Jos\u00e9 Luis Aguilar<\/strong>, Director del Museo Paleontol\u00f3gico de San Pedro, comenta que \u201c<em>al ver la primera quebradura con hundimiento, se pens\u00f3 que pod\u00eda ser producto del pisoteo de animales. Alg\u00fan animal con pezu\u00f1as podr\u00eda haber pisado el hueso, despu\u00e9s de haber muerto el perezoso. Pero eso se desestim\u00f3 cuando se observ\u00f3 que en la cara opuesta, hab\u00eda otra herida id\u00e9ntica.<\/em><\/p>\n\n\n\n<p><em>De inmediato comprendimos que est\u00e1bamos ante una enorme mordida; de una boca tan grande como para atrapar, apretar y quebrar el brazo de un lestodonte, ya que esos animales eran bestias de casi 4 metros de largo y unos 3.000 kilogramos de peso.<\/em><\/p>\n\n\n\n<p><em>Muy pocos carn\u00edvoros podr\u00edan animarse a atacar a un animal as\u00ed<\/em>.<\/p>\n\n\n\n<p><em>Luego de descartar posibles atacantes, ya fuera por tama\u00f1o o por ausencia en la prehistoria de la zona, comenz\u00f3 a tomar fuerza la idea un posible candidato: un <strong>Arctotherium<\/strong>, un g\u00e9nero de osos prehist\u00f3ricos gigantes que, parados, habr\u00edan superado los 4 metros de altura\u201d<\/em>.<\/p>\n\n\n\n<p>El equipo del museo trabaj\u00f3 en la confirmaci\u00f3n de esta hip\u00f3tesis analiz\u00e1ndola desde diferentes \u00e1ngulos; tarea que incluso los llev\u00f3 a simular la mordida colocando al f\u00f3sil en la boca abierta de un Arctotherium, ya que el museo posee un cr\u00e1neo muy completo de uno de estos osos gigantes. La mordida coincide perfectamente.<\/p>\n\n\n\n<p><em>\u201cLas caracter\u00edsticas de la mordida nos llevaron a evaluar dos posibles situaciones. La primera es que el oso haya encontrado al perezoso ya muerto y se haya alimentado como un simple carro\u00f1ero. La otra escena, que consideramos la m\u00e1s probable por la fuerza que se aplic\u00f3 sobre el hueso, es que el oso haya atacado directamente a un lestodonte adulto, quiz\u00e1s de avanzada edad, produciendo esa feroz mordida en su brazo izquierdo.<\/em><\/p>\n\n\n\n<p><em>La ausencia de cicatrizaci\u00f3n en las fracturas del hueso nos lleva a inferir que la mordida se produjo en un momento muy cercano a la muerte del perezoso. Inmediatamente antes, en un ataque, o poco tiempo despu\u00e9s, siendo carro\u00f1a. Es fant\u00e1stico imaginar esa escena donde dos grandes mam\u00edferos luchan a muerte en los pastizales de la llanura pampeana que hoy habitamos\u00a8, comentan desde el Museo de San Pedro.<\/em><\/p>\n\n\n\n<p>De esta investigaci\u00f3n participa el <strong>Dr. Leopoldo Soibelzon<\/strong>, paleont\u00f3logo del Museo de Ciencias Naturales de La Plata, investigador de Conicet y el mayor especialista en osos f\u00f3siles de nuestro pa\u00eds.<\/p>\n\n\n\n<p>Al respecto, el investigador comenta que <em>\u201cdesde hace varios a\u00f1os trabajamos sobre distintas hip\u00f3tesis vinculadas a la dieta de estos enormes y feroces osos que habitaron Am\u00e9rica del Sur durante el Pleistoceno. Hemos realizado m\u00faltiples an\u00e1lisis empleando diferentes t\u00e9cnicas como la morfometr\u00eda geom\u00e9trica, la paleopatolog\u00eda, biomec\u00e1nica y an\u00e1lisis de is\u00f3topos estables. Las evidencias que hemos recogido confirman la capacidad de estos osos gigantes para quebrar huesos y consumir carne de otros mam\u00edferos de gran porte. En este sentido, <strong>el hallazgo realizado en San Pedro es sumamente relevante, pues proporciona una de las primeras evidencias directas de interacci\u00f3n entre la megafauna herb\u00edvora y los osos del g\u00e9nero Arctotherium.<\/strong><\/em><\/p>\n\n\n\n<p><em>En los pr\u00f3ximos meses pondremos nuestro esfuerzo en el estudio de los restos de este Lestodonte con inequ\u00edvocos signos de haber sido mordido por uno de estos osos. Trataremos de determinar la especie responsable de las marcas halladas sobre el h\u00famero descubierto\u201d<\/em>.<\/p>\n\n\n\n<figure class=\"wp-block-image size-full\"><img decoding=\"async\" width=\"818\" height=\"630\" data-attachment-id=\"102497\" data-permalink=\"https:\/\/eldiariodesanpedro.com.ar\/sitio\/descubren-perezoso-fosil-mordido-por-un-oso-prehistorico-gigante\/mordida\/\" data-orig-file=\"https:\/\/eldiariodesanpedro.com.ar\/sitio\/wp-content\/uploads\/2021\/12\/MORDIDA.jpg\" data-orig-size=\"818,630\" data-comments-opened=\"0\" data-image-meta=\"{&quot;aperture&quot;:&quot;0&quot;,&quot;credit&quot;:&quot;&quot;,&quot;camera&quot;:&quot;&quot;,&quot;caption&quot;:&quot;&quot;,&quot;created_timestamp&quot;:&quot;0&quot;,&quot;copyright&quot;:&quot;&quot;,&quot;focal_length&quot;:&quot;0&quot;,&quot;iso&quot;:&quot;0&quot;,&quot;shutter_speed&quot;:&quot;0&quot;,&quot;title&quot;:&quot;&quot;,&quot;orientation&quot;:&quot;0&quot;}\" data-image-title=\"MORDIDA\" data-image-description=\"\" data-image-caption=\"\" data-large-file=\"https:\/\/eldiariodesanpedro.com.ar\/sitio\/wp-content\/uploads\/2021\/12\/MORDIDA.jpg\" data-src=\"https:\/\/eldiariodesanpedro.com.ar\/sitio\/wp-content\/uploads\/2021\/12\/MORDIDA.jpg\" alt=\"\" class=\"wp-image-102497 lazyload\" data-srcset=\"https:\/\/eldiariodesanpedro.com.ar\/sitio\/wp-content\/uploads\/2021\/12\/MORDIDA.jpg 818w, https:\/\/eldiariodesanpedro.com.ar\/sitio\/wp-content\/uploads\/2021\/12\/MORDIDA-300x231.jpg 300w, https:\/\/eldiariodesanpedro.com.ar\/sitio\/wp-content\/uploads\/2021\/12\/MORDIDA-768x591.jpg 768w\" data-sizes=\"(max-width: 818px) 100vw, 818px\" src=\"data:image\/svg+xml;base64,PHN2ZyB3aWR0aD0iMSIgaGVpZ2h0PSIxIiB4bWxucz0iaHR0cDovL3d3dy53My5vcmcvMjAwMC9zdmciPjwvc3ZnPg==\" style=\"--smush-placeholder-width: 818px; --smush-placeholder-aspect-ratio: 818\/630;\" \/><\/figure>\n\n\n\n<figure class=\"wp-block-image size-full\"><img decoding=\"async\" width=\"480\" height=\"630\" data-attachment-id=\"102498\" data-permalink=\"https:\/\/eldiariodesanpedro.com.ar\/sitio\/descubren-perezoso-fosil-mordido-por-un-oso-prehistorico-gigante\/mordida-ambas-caras\/\" data-orig-file=\"https:\/\/eldiariodesanpedro.com.ar\/sitio\/wp-content\/uploads\/2021\/12\/MORDIDA-AMBAS-CARAS.jpg\" data-orig-size=\"480,630\" data-comments-opened=\"0\" data-image-meta=\"{&quot;aperture&quot;:&quot;0&quot;,&quot;credit&quot;:&quot;&quot;,&quot;camera&quot;:&quot;&quot;,&quot;caption&quot;:&quot;&quot;,&quot;created_timestamp&quot;:&quot;0&quot;,&quot;copyright&quot;:&quot;&quot;,&quot;focal_length&quot;:&quot;0&quot;,&quot;iso&quot;:&quot;0&quot;,&quot;shutter_speed&quot;:&quot;0&quot;,&quot;title&quot;:&quot;&quot;,&quot;orientation&quot;:&quot;0&quot;}\" data-image-title=\"MORDIDA-AMBAS CARAS\" data-image-description=\"\" data-image-caption=\"\" data-large-file=\"https:\/\/eldiariodesanpedro.com.ar\/sitio\/wp-content\/uploads\/2021\/12\/MORDIDA-AMBAS-CARAS.jpg\" data-src=\"https:\/\/eldiariodesanpedro.com.ar\/sitio\/wp-content\/uploads\/2021\/12\/MORDIDA-AMBAS-CARAS.jpg\" alt=\"\" class=\"wp-image-102498 lazyload\" data-srcset=\"https:\/\/eldiariodesanpedro.com.ar\/sitio\/wp-content\/uploads\/2021\/12\/MORDIDA-AMBAS-CARAS.jpg 480w, https:\/\/eldiariodesanpedro.com.ar\/sitio\/wp-content\/uploads\/2021\/12\/MORDIDA-AMBAS-CARAS-229x300.jpg 229w\" data-sizes=\"(max-width: 480px) 100vw, 480px\" src=\"data:image\/svg+xml;base64,PHN2ZyB3aWR0aD0iMSIgaGVpZ2h0PSIxIiB4bWxucz0iaHR0cDovL3d3dy53My5vcmcvMjAwMC9zdmciPjwvc3ZnPg==\" style=\"--smush-placeholder-width: 480px; --smush-placeholder-aspect-ratio: 480\/630;\" \/><\/figure>\n","protected":false},"excerpt":{"rendered":"<p>Son restos de un lestodonte que presentan contundentes marcas de una terrible mordida. El f\u00f3sil fue descubierto en San Pedro y tiene m\u00e1s de 200.000 a\u00f1os. En el partido de San Pedro, a 170 kil\u00f3metros de Buenos Aires, se descubrieron restos fosilizados de un enorme perezoso terrestre, con tremendas mordidas en su brazo izquierdo. El [&hellip;]<\/p>\n","protected":false},"author":4,"featured_media":102499,"comment_status":"closed","ping_status":"closed","sticky":false,"template":"","format":"standard","meta":{"om_disable_all_campaigns":false,"_jetpack_memberships_contains_paid_content":false,"footnotes":""},"categories":[50,101,2],"tags":[197,696,33,19],"class_list":["post-102496","post","type-post","status-publish","format-standard","has-post-thumbnail","hentry","category-destacadas","category-interes-general-locales","category-locales","tag-buenos-aires","tag-interes-general","tag-locales","tag-san-pedro"],"aioseo_notices":[],"gutentor_comment":0,"jetpack_featured_media_url":"https:\/\/eldiariodesanpedro.com.ar\/sitio\/wp-content\/uploads\/2021\/12\/RECREACION.jpg","jetpack_shortlink":"https:\/\/wp.me\/p6RhLt-qFa","jetpack_sharing_enabled":true,"_links":{"self":[{"href":"https:\/\/eldiariodesanpedro.com.ar\/sitio\/wp-json\/wp\/v2\/posts\/102496","targetHints":{"allow":["GET"]}}],"collection":[{"href":"https:\/\/eldiariodesanpedro.com.ar\/sitio\/wp-json\/wp\/v2\/posts"}],"about":[{"href":"https:\/\/eldiariodesanpedro.com.ar\/sitio\/wp-json\/wp\/v2\/types\/post"}],"author":[{"embeddable":true,"href":"https:\/\/eldiariodesanpedro.com.ar\/sitio\/wp-json\/wp\/v2\/users\/4"}],"replies":[{"embeddable":true,"href":"https:\/\/eldiariodesanpedro.com.ar\/sitio\/wp-json\/wp\/v2\/comments?post=102496"}],"version-history":[{"count":1,"href":"https:\/\/eldiariodesanpedro.com.ar\/sitio\/wp-json\/wp\/v2\/posts\/102496\/revisions"}],"predecessor-version":[{"id":102500,"href":"https:\/\/eldiariodesanpedro.com.ar\/sitio\/wp-json\/wp\/v2\/posts\/102496\/revisions\/102500"}],"wp:featuredmedia":[{"embeddable":true,"href":"https:\/\/eldiariodesanpedro.com.ar\/sitio\/wp-json\/wp\/v2\/media\/102499"}],"wp:attachment":[{"href":"https:\/\/eldiariodesanpedro.com.ar\/sitio\/wp-json\/wp\/v2\/media?parent=102496"}],"wp:term":[{"taxonomy":"category","embeddable":true,"href":"https:\/\/eldiariodesanpedro.com.ar\/sitio\/wp-json\/wp\/v2\/categories?post=102496"},{"taxonomy":"post_tag","embeddable":true,"href":"https:\/\/eldiariodesanpedro.com.ar\/sitio\/wp-json\/wp\/v2\/tags?post=102496"}],"curies":[{"name":"wp","href":"https:\/\/api.w.org\/{rel}","templated":true}]}}