{"id":102491,"date":"2021-12-27T08:33:23","date_gmt":"2021-12-27T11:33:23","guid":{"rendered":"https:\/\/eldiariodesanpedro.com.ar\/sitio\/?p=102491"},"modified":"2021-12-27T08:33:25","modified_gmt":"2021-12-27T11:33:25","slug":"instalacion-de-luminarias-led-en-el-puerto-para-la-importacion-de-bananas","status":"publish","type":"post","link":"https:\/\/eldiariodesanpedro.com.ar\/sitio\/instalacion-de-luminarias-led-en-el-puerto-para-la-importacion-de-bananas\/","title":{"rendered":"Instalaci\u00f3n de luminarias led en el Puerto para la importaci\u00f3n de bananas"},"content":{"rendered":"<!-- VideographyWP Plugin Message: Automatic video embedding prevented by plugin options. -->\n\n<p>A la espera del inicio de la operatoria prevista para la importaci\u00f3n de bananas que comienza con la llegada del buque, Buque MV Elvira de bandera de Liberia que descargar\u00e1&nbsp; 4.300 pallets de bananas paletizadas procedentes de Guayaquil Ecuador, el Consorcio de Gesti\u00f3n concret\u00f3 la iluminaci\u00f3n de los sectores en los que se llevar\u00e1n a cabo tareas durante los pr\u00f3ximos d\u00edas.<\/p>\n\n\n\n<p>La instalaci\u00f3n de 30 luminarias led necesarias para permitir el trabajo de los scanner de AFIP que adem\u00e1s mejoran las condiciones generales de estos sectores, del Puerto de San Pedro fue posible gracias a la colaboraci\u00f3n de COOPSER y su personal que junto a personal del&nbsp; Consorcio trabajaron desde el 23 de diciembre hasta hoy incluyendo las jornadas del 24 y 25, para dejar todo en condiciones.<\/p>\n\n\n\n<p>El buque que realizar\u00e1 esta operaci\u00f3n hist\u00f3rica atracar\u00e1 en el muelle cabecera del Puerto de San Pedro, ma\u00f1ana por la ma\u00f1ana.<\/p>\n\n\n\n<figure class=\"wp-block-image size-full\"><img decoding=\"async\" width=\"354\" height=\"630\" data-attachment-id=\"102493\" data-permalink=\"https:\/\/eldiariodesanpedro.com.ar\/sitio\/instalacion-de-luminarias-led-en-el-puerto-para-la-importacion-de-bananas\/2-115\/\" data-orig-file=\"https:\/\/eldiariodesanpedro.com.ar\/sitio\/wp-content\/uploads\/2021\/12\/2-1.jpg\" data-orig-size=\"354,630\" data-comments-opened=\"0\" data-image-meta=\"{&quot;aperture&quot;:&quot;0&quot;,&quot;credit&quot;:&quot;&quot;,&quot;camera&quot;:&quot;&quot;,&quot;caption&quot;:&quot;&quot;,&quot;created_timestamp&quot;:&quot;0&quot;,&quot;copyright&quot;:&quot;&quot;,&quot;focal_length&quot;:&quot;0&quot;,&quot;iso&quot;:&quot;0&quot;,&quot;shutter_speed&quot;:&quot;0&quot;,&quot;title&quot;:&quot;&quot;,&quot;orientation&quot;:&quot;0&quot;}\" data-image-title=\"2\" data-image-description=\"\" data-image-caption=\"\" data-large-file=\"https:\/\/eldiariodesanpedro.com.ar\/sitio\/wp-content\/uploads\/2021\/12\/2-1.jpg\" data-src=\"https:\/\/eldiariodesanpedro.com.ar\/sitio\/wp-content\/uploads\/2021\/12\/2-1.jpg\" alt=\"\" class=\"wp-image-102493 lazyload\" data-srcset=\"https:\/\/eldiariodesanpedro.com.ar\/sitio\/wp-content\/uploads\/2021\/12\/2-1.jpg 354w, https:\/\/eldiariodesanpedro.com.ar\/sitio\/wp-content\/uploads\/2021\/12\/2-1-169x300.jpg 169w\" data-sizes=\"(max-width: 354px) 100vw, 354px\" src=\"data:image\/svg+xml;base64,PHN2ZyB3aWR0aD0iMSIgaGVpZ2h0PSIxIiB4bWxucz0iaHR0cDovL3d3dy53My5vcmcvMjAwMC9zdmciPjwvc3ZnPg==\" style=\"--smush-placeholder-width: 354px; --smush-placeholder-aspect-ratio: 354\/630;\" \/><\/figure>\n","protected":false},"excerpt":{"rendered":"<p>A la espera del inicio de la operatoria prevista para la importaci\u00f3n de bananas que comienza con la llegada del buque, Buque MV Elvira de bandera de Liberia que descargar\u00e1&nbsp; 4.300 pallets de bananas paletizadas procedentes de Guayaquil Ecuador, el Consorcio de Gesti\u00f3n concret\u00f3 la iluminaci\u00f3n de los sectores en los que se llevar\u00e1n a [&hellip;]<\/p>\n","protected":false},"author":4,"featured_media":102492,"comment_status":"closed","ping_status":"closed","sticky":false,"template":"","format":"standard","meta":{"om_disable_all_campaigns":false,"_jetpack_memberships_contains_paid_content":false,"footnotes":""},"categories":[50,101,2],"tags":[197,696,33,19],"class_list":["post-102491","post","type-post","status-publish","format-standard","has-post-thumbnail","hentry","category-destacadas","category-interes-general-locales","category-locales","tag-buenos-aires","tag-interes-general","tag-locales","tag-san-pedro"],"aioseo_notices":[],"gutentor_comment":0,"jetpack_featured_media_url":"https:\/\/eldiariodesanpedro.com.ar\/sitio\/wp-content\/uploads\/2021\/12\/1-1.jpg","jetpack_shortlink":"https:\/\/wp.me\/p6RhLt-qF5","jetpack_sharing_enabled":true,"_links":{"self":[{"href":"https:\/\/eldiariodesanpedro.com.ar\/sitio\/wp-json\/wp\/v2\/posts\/102491","targetHints":{"allow":["GET"]}}],"collection":[{"href":"https:\/\/eldiariodesanpedro.com.ar\/sitio\/wp-json\/wp\/v2\/posts"}],"about":[{"href":"https:\/\/eldiariodesanpedro.com.ar\/sitio\/wp-json\/wp\/v2\/types\/post"}],"author":[{"embeddable":true,"href":"https:\/\/eldiariodesanpedro.com.ar\/sitio\/wp-json\/wp\/v2\/users\/4"}],"replies":[{"embeddable":true,"href":"https:\/\/eldiariodesanpedro.com.ar\/sitio\/wp-json\/wp\/v2\/comments?post=102491"}],"version-history":[{"count":1,"href":"https:\/\/eldiariodesanpedro.com.ar\/sitio\/wp-json\/wp\/v2\/posts\/102491\/revisions"}],"predecessor-version":[{"id":102494,"href":"https:\/\/eldiariodesanpedro.com.ar\/sitio\/wp-json\/wp\/v2\/posts\/102491\/revisions\/102494"}],"wp:featuredmedia":[{"embeddable":true,"href":"https:\/\/eldiariodesanpedro.com.ar\/sitio\/wp-json\/wp\/v2\/media\/102492"}],"wp:attachment":[{"href":"https:\/\/eldiariodesanpedro.com.ar\/sitio\/wp-json\/wp\/v2\/media?parent=102491"}],"wp:term":[{"taxonomy":"category","embeddable":true,"href":"https:\/\/eldiariodesanpedro.com.ar\/sitio\/wp-json\/wp\/v2\/categories?post=102491"},{"taxonomy":"post_tag","embeddable":true,"href":"https:\/\/eldiariodesanpedro.com.ar\/sitio\/wp-json\/wp\/v2\/tags?post=102491"}],"curies":[{"name":"wp","href":"https:\/\/api.w.org\/{rel}","templated":true}]}}