{"id":102489,"date":"2021-12-27T08:23:46","date_gmt":"2021-12-27T11:23:46","guid":{"rendered":"https:\/\/eldiariodesanpedro.com.ar\/sitio\/?p=102489"},"modified":"2021-12-27T08:23:48","modified_gmt":"2021-12-27T11:23:48","slug":"horarios-de-atencion-para-esta-semana-en-el-centro-de-comercios","status":"publish","type":"post","link":"https:\/\/eldiariodesanpedro.com.ar\/sitio\/horarios-de-atencion-para-esta-semana-en-el-centro-de-comercios\/","title":{"rendered":"Horarios de atenci\u00f3n para esta semana en el Centro de Comercios"},"content":{"rendered":"<!-- VideographyWP Plugin Message: Automatic video embedding prevented by plugin options. -->\n\n<p>El Centro de Comercio, Industria y Turismo informa que desde este lunes se reanuda la atenci\u00f3n de manera habitual hasta el jueves 30 de diciembre inclusive. El 31 de diciembre no habr\u00e1 atenci\u00f3n al p\u00fablico y retornar\u00e1 de manera normal desde el lunes 3 de enero.<\/p>\n\n\n\n<p>Nuevamente desde la entidad se env\u00eda a socios, comerciantes, empresarios, prestadores de servicios y a la comunidad sampedrina, los mejores deseos y un esperanzado anhelo de un muy buen a\u00f1o 2022. El Centro de Comercio, Industria y Turismo informa que desde este lunes se reanuda la atenci\u00f3n de manera habitual hasta el jueves 30 de diciembre inclusive.<\/p>\n\n\n\n<p>El 31 de diciembre no habr\u00e1 atenci\u00f3n al p\u00fablico y retornar\u00e1 de manera normal desde el lunes 3 de enero.<\/p>\n\n\n\n<p>Nuevamente desde la entidad se env\u00eda a socios, comerciantes, empresarios, prestadores de servicios y a la comunidad sampedrina, los mejores deseos y un esperanzado anhelo de un muy buen a\u00f1o 2022&nbsp;<\/p>\n","protected":false},"excerpt":{"rendered":"<p>El Centro de Comercio, Industria y Turismo informa que desde este lunes se reanuda la atenci\u00f3n de manera habitual hasta el jueves 30 de diciembre inclusive. El 31 de diciembre no habr\u00e1 atenci\u00f3n al p\u00fablico y retornar\u00e1 de manera normal desde el lunes 3 de enero. Nuevamente desde la entidad se env\u00eda a socios, comerciantes, [&hellip;]<\/p>\n","protected":false},"author":4,"featured_media":71206,"comment_status":"closed","ping_status":"closed","sticky":false,"template":"","format":"standard","meta":{"om_disable_all_campaigns":false,"_jetpack_memberships_contains_paid_content":false,"footnotes":""},"categories":[101,2],"tags":[197,696,33,19],"class_list":["post-102489","post","type-post","status-publish","format-standard","has-post-thumbnail","hentry","category-interes-general-locales","category-locales","tag-buenos-aires","tag-interes-general","tag-locales","tag-san-pedro"],"aioseo_notices":[],"gutentor_comment":0,"jetpack_featured_media_url":"https:\/\/eldiariodesanpedro.com.ar\/sitio\/wp-content\/uploads\/2020\/04\/centro_0.jpg","jetpack_shortlink":"https:\/\/wp.me\/p6RhLt-qF3","jetpack_sharing_enabled":true,"_links":{"self":[{"href":"https:\/\/eldiariodesanpedro.com.ar\/sitio\/wp-json\/wp\/v2\/posts\/102489","targetHints":{"allow":["GET"]}}],"collection":[{"href":"https:\/\/eldiariodesanpedro.com.ar\/sitio\/wp-json\/wp\/v2\/posts"}],"about":[{"href":"https:\/\/eldiariodesanpedro.com.ar\/sitio\/wp-json\/wp\/v2\/types\/post"}],"author":[{"embeddable":true,"href":"https:\/\/eldiariodesanpedro.com.ar\/sitio\/wp-json\/wp\/v2\/users\/4"}],"replies":[{"embeddable":true,"href":"https:\/\/eldiariodesanpedro.com.ar\/sitio\/wp-json\/wp\/v2\/comments?post=102489"}],"version-history":[{"count":1,"href":"https:\/\/eldiariodesanpedro.com.ar\/sitio\/wp-json\/wp\/v2\/posts\/102489\/revisions"}],"predecessor-version":[{"id":102490,"href":"https:\/\/eldiariodesanpedro.com.ar\/sitio\/wp-json\/wp\/v2\/posts\/102489\/revisions\/102490"}],"wp:featuredmedia":[{"embeddable":true,"href":"https:\/\/eldiariodesanpedro.com.ar\/sitio\/wp-json\/wp\/v2\/media\/71206"}],"wp:attachment":[{"href":"https:\/\/eldiariodesanpedro.com.ar\/sitio\/wp-json\/wp\/v2\/media?parent=102489"}],"wp:term":[{"taxonomy":"category","embeddable":true,"href":"https:\/\/eldiariodesanpedro.com.ar\/sitio\/wp-json\/wp\/v2\/categories?post=102489"},{"taxonomy":"post_tag","embeddable":true,"href":"https:\/\/eldiariodesanpedro.com.ar\/sitio\/wp-json\/wp\/v2\/tags?post=102489"}],"curies":[{"name":"wp","href":"https:\/\/api.w.org\/{rel}","templated":true}]}}