{"id":102485,"date":"2021-12-23T17:55:37","date_gmt":"2021-12-23T20:55:37","guid":{"rendered":"https:\/\/eldiariodesanpedro.com.ar\/sitio\/?p=102485"},"modified":"2021-12-23T17:55:39","modified_gmt":"2021-12-23T20:55:39","slug":"peligroso-delicuente-detenido-por-una-condena-de-2019","status":"publish","type":"post","link":"https:\/\/eldiariodesanpedro.com.ar\/sitio\/peligroso-delicuente-detenido-por-una-condena-de-2019\/","title":{"rendered":"Peligroso delicuente detenido por una condena de 2019"},"content":{"rendered":"<!-- VideographyWP Plugin Message: Automatic video embedding prevented by plugin options. -->\n\n<p>En horas de la tarde del d\u00eda de ayer, en Benefactoras Sampedrina 800 San Pedro tras tareas investigativas por parte de la polic\u00eda, se detuvo a ciudadano de 42 a\u00f1os quien registraba orden detenci\u00f3n y captura a requerimiento juzgado ejecuci\u00f3n de pena de San Nicol\u00e1s quien fue condenado en el a\u00f1o 2019 por el tribunal criminal N\u00ba 1 de San Nicol\u00e1s, en la causa homicidio en Tentativa de Abuso de Armas y portaci\u00f3n ilegal de arma de en San Pedro, le resta cumplir 3 a\u00f1os y 11 meses condena.-&nbsp;<\/p>\n\n\n\n<p>Permanece alojado sector calabozo se la seccional policial, hasta su remisi\u00f3n a sede penal correspondiente.<\/p>\n","protected":false},"excerpt":{"rendered":"<p>En horas de la tarde del d\u00eda de ayer, en Benefactoras Sampedrina 800 San Pedro tras tareas investigativas por parte de la polic\u00eda, se detuvo a ciudadano de 42 a\u00f1os quien registraba orden detenci\u00f3n y captura a requerimiento juzgado ejecuci\u00f3n de pena de San Nicol\u00e1s quien fue condenado en el a\u00f1o 2019 por el tribunal [&hellip;]<\/p>\n","protected":false},"author":4,"featured_media":102486,"comment_status":"closed","ping_status":"closed","sticky":false,"template":"","format":"standard","meta":{"om_disable_all_campaigns":false,"_jetpack_memberships_contains_paid_content":false,"footnotes":""},"categories":[2,103],"tags":[],"class_list":["post-102485","post","type-post","status-publish","format-standard","has-post-thumbnail","hentry","category-locales","category-policiales-locales"],"aioseo_notices":[],"gutentor_comment":0,"jetpack_featured_media_url":"https:\/\/eldiariodesanpedro.com.ar\/sitio\/wp-content\/uploads\/2021\/12\/medida-1.png","jetpack_shortlink":"https:\/\/wp.me\/p6RhLt-qEZ","jetpack_sharing_enabled":true,"_links":{"self":[{"href":"https:\/\/eldiariodesanpedro.com.ar\/sitio\/wp-json\/wp\/v2\/posts\/102485","targetHints":{"allow":["GET"]}}],"collection":[{"href":"https:\/\/eldiariodesanpedro.com.ar\/sitio\/wp-json\/wp\/v2\/posts"}],"about":[{"href":"https:\/\/eldiariodesanpedro.com.ar\/sitio\/wp-json\/wp\/v2\/types\/post"}],"author":[{"embeddable":true,"href":"https:\/\/eldiariodesanpedro.com.ar\/sitio\/wp-json\/wp\/v2\/users\/4"}],"replies":[{"embeddable":true,"href":"https:\/\/eldiariodesanpedro.com.ar\/sitio\/wp-json\/wp\/v2\/comments?post=102485"}],"version-history":[{"count":1,"href":"https:\/\/eldiariodesanpedro.com.ar\/sitio\/wp-json\/wp\/v2\/posts\/102485\/revisions"}],"predecessor-version":[{"id":102487,"href":"https:\/\/eldiariodesanpedro.com.ar\/sitio\/wp-json\/wp\/v2\/posts\/102485\/revisions\/102487"}],"wp:featuredmedia":[{"embeddable":true,"href":"https:\/\/eldiariodesanpedro.com.ar\/sitio\/wp-json\/wp\/v2\/media\/102486"}],"wp:attachment":[{"href":"https:\/\/eldiariodesanpedro.com.ar\/sitio\/wp-json\/wp\/v2\/media?parent=102485"}],"wp:term":[{"taxonomy":"category","embeddable":true,"href":"https:\/\/eldiariodesanpedro.com.ar\/sitio\/wp-json\/wp\/v2\/categories?post=102485"},{"taxonomy":"post_tag","embeddable":true,"href":"https:\/\/eldiariodesanpedro.com.ar\/sitio\/wp-json\/wp\/v2\/tags?post=102485"}],"curies":[{"name":"wp","href":"https:\/\/api.w.org\/{rel}","templated":true}]}}