{"id":102483,"date":"2021-12-23T17:46:15","date_gmt":"2021-12-23T20:46:15","guid":{"rendered":"https:\/\/eldiariodesanpedro.com.ar\/sitio\/?p=102483"},"modified":"2021-12-23T17:46:17","modified_gmt":"2021-12-23T20:46:17","slug":"edicto-de-sucesion-de-ema-sara-rothen","status":"publish","type":"post","link":"https:\/\/eldiariodesanpedro.com.ar\/sitio\/edicto-de-sucesion-de-ema-sara-rothen\/","title":{"rendered":"Edicto de Sucesi\u00f3n de Ema Sara Rothen"},"content":{"rendered":"<!-- VideographyWP Plugin Message: Automatic video embedding prevented by plugin options. -->\n\n<p>El Juzgado de Paz letrado de Baradero cita y emplaza por treinta d\u00edas a herederos y acreedores de Ema Sara Rothen.- Baradero, 22 de diciembre de 2021.-<\/p>\n\n\n\n<p>ESTEBAN OMAR PERUSINA<\/p>\n\n\n\n<p>ABOGADO SECRETARIO<\/p>\n\n\n\n<p>(Publicaci\u00f3n V\u00e1lida para los d\u00edas 23,24 y 25 de diciembre de 2021) <br><a href=\"https:\/\/notificaciones.scba.gov.ar\/verificarnotificacion.aspx?codNotif=RZ4V98\">https:\/\/notificaciones.scba.gov.ar\/verificarnotificacion.aspx?codNotif=RZ4V98<\/a><\/p>\n","protected":false},"excerpt":{"rendered":"<p>El Juzgado de Paz letrado de Baradero cita y emplaza por treinta d\u00edas a herederos y acreedores de Ema Sara Rothen.- Baradero, 22 de diciembre de 2021.- ESTEBAN OMAR PERUSINA ABOGADO SECRETARIO (Publicaci\u00f3n V\u00e1lida para los d\u00edas 23,24 y 25 de diciembre de 2021) https:\/\/notificaciones.scba.gov.ar\/verificarnotificacion.aspx?codNotif=RZ4V98<\/p>\n","protected":false},"author":4,"featured_media":81115,"comment_status":"closed","ping_status":"closed","sticky":false,"template":"","format":"standard","meta":{"om_disable_all_campaigns":false,"_jetpack_memberships_contains_paid_content":false,"footnotes":""},"categories":[676,677],"tags":[197,1121,2571,696,1355,33,19,1122],"class_list":["post-102483","post","type-post","status-publish","format-standard","has-post-thumbnail","hentry","category-edictos","category-edictos-sucesorios","tag-buenos-aires","tag-edicto","tag-ema-sara-rothen","tag-interes-general","tag-judiciales","tag-locales","tag-san-pedro","tag-sucesion"],"aioseo_notices":[],"gutentor_comment":0,"jetpack_featured_media_url":"https:\/\/eldiariodesanpedro.com.ar\/sitio\/wp-content\/uploads\/2020\/09\/Poder-Judicial.jpg","jetpack_shortlink":"https:\/\/wp.me\/p6RhLt-qEX","jetpack_sharing_enabled":true,"_links":{"self":[{"href":"https:\/\/eldiariodesanpedro.com.ar\/sitio\/wp-json\/wp\/v2\/posts\/102483","targetHints":{"allow":["GET"]}}],"collection":[{"href":"https:\/\/eldiariodesanpedro.com.ar\/sitio\/wp-json\/wp\/v2\/posts"}],"about":[{"href":"https:\/\/eldiariodesanpedro.com.ar\/sitio\/wp-json\/wp\/v2\/types\/post"}],"author":[{"embeddable":true,"href":"https:\/\/eldiariodesanpedro.com.ar\/sitio\/wp-json\/wp\/v2\/users\/4"}],"replies":[{"embeddable":true,"href":"https:\/\/eldiariodesanpedro.com.ar\/sitio\/wp-json\/wp\/v2\/comments?post=102483"}],"version-history":[{"count":1,"href":"https:\/\/eldiariodesanpedro.com.ar\/sitio\/wp-json\/wp\/v2\/posts\/102483\/revisions"}],"predecessor-version":[{"id":102484,"href":"https:\/\/eldiariodesanpedro.com.ar\/sitio\/wp-json\/wp\/v2\/posts\/102483\/revisions\/102484"}],"wp:featuredmedia":[{"embeddable":true,"href":"https:\/\/eldiariodesanpedro.com.ar\/sitio\/wp-json\/wp\/v2\/media\/81115"}],"wp:attachment":[{"href":"https:\/\/eldiariodesanpedro.com.ar\/sitio\/wp-json\/wp\/v2\/media?parent=102483"}],"wp:term":[{"taxonomy":"category","embeddable":true,"href":"https:\/\/eldiariodesanpedro.com.ar\/sitio\/wp-json\/wp\/v2\/categories?post=102483"},{"taxonomy":"post_tag","embeddable":true,"href":"https:\/\/eldiariodesanpedro.com.ar\/sitio\/wp-json\/wp\/v2\/tags?post=102483"}],"curies":[{"name":"wp","href":"https:\/\/api.w.org\/{rel}","templated":true}]}}