{"id":102480,"date":"2021-12-23T10:08:36","date_gmt":"2021-12-23T13:08:36","guid":{"rendered":"https:\/\/eldiariodesanpedro.com.ar\/sitio\/?p=102480"},"modified":"2021-12-23T10:08:37","modified_gmt":"2021-12-23T13:08:37","slug":"agustin-longueira-el-guardaespalda-sampedrino-que-cuida-a-wanda-nara","status":"publish","type":"post","link":"https:\/\/eldiariodesanpedro.com.ar\/sitio\/agustin-longueira-el-guardaespalda-sampedrino-que-cuida-a-wanda-nara\/","title":{"rendered":"Agust\u00edn Longueira, el guardaespalda sampedrino que cuida a Wanda Nara"},"content":{"rendered":"<!-- VideographyWP Plugin Message: Automatic video embedding prevented by plugin options. -->\n\n<p>Cuando la empresaria aterriz\u00f3 en Argentina, comenzaron a circular rumores que la vinculan con su guardaespaldas. Agust\u00edn Longueira es sampedrino y noticia de los programas m\u00e1s importantes del pa\u00eds.<\/p>\n\n\n\n<p>l sampedrino Agust\u00edn Longueira salt\u00f3 a la fama de un momento a otro cuando apareci\u00f3 custodiando a Wanda Nara, la mujer del futbolista Mauro Icardi, y medio del esc\u00e1ndalo amoroso denominado \u00abwandagate\u00bb.<\/p>\n\n\n\n<p>A partir de all\u00ed la figura del guardaespalda tom\u00f3 un perfil impensado gan\u00e1ndose un lugar en los portales y programa de espect\u00e1culos m\u00e1s importantes del pa\u00eds.<\/p>\n\n\n\n<p>El martes estuvo en Intratables, el programa de Alejandro Fantino, en donde habl\u00f3 de su infancia, de su paso por Granaderos, de su San Pedro y todo esto que le est\u00e1 pasando.<\/p>\n\n\n\n<p>Longueira tiene 31 a\u00f1os, en su infancia jug\u00f3 al f\u00fatbol en Paran\u00e1 FC e Independencia, fue barman en distintos bares de la ciudad hasta que ingres\u00f3 al\u00a0<strong>Regimiento de Granaderos a Caballo General San Mart\u00edn<\/strong>.<\/p>\n\n\n\n<p><strong>Agust\u00edn Longueira<\/strong>&nbsp;es el guardaespaldas de&nbsp;<strong>la empresaria<\/strong>, que seg\u00fan revel\u00f3 en,&nbsp;<em>\u201cle encanta trabajar con Wanda porque es sencilla, buena y educada\u201d.&nbsp;<\/em><\/p>\n\n\n\n<p>La semana pasada, cuando&nbsp;<strong>Wanda Nara<\/strong>&nbsp;inaugur\u00f3 su local de&nbsp;cosm\u00e9ticos&nbsp;en el&nbsp;<strong>Abasto Shopping<\/strong>, la presencia de<strong>&nbsp;Longueira<\/strong>&nbsp;llam\u00f3 la atenci\u00f3n, por c\u00f3mo acompa\u00f1\u00f3 a<strong>&nbsp;la rubia&nbsp;<\/strong>en cada momento.<\/p>\n","protected":false},"excerpt":{"rendered":"<p>Cuando la empresaria aterriz\u00f3 en Argentina, comenzaron a circular rumores que la vinculan con su guardaespaldas. Agust\u00edn Longueira es sampedrino y noticia de los programas m\u00e1s importantes del pa\u00eds. l sampedrino Agust\u00edn Longueira salt\u00f3 a la fama de un momento a otro cuando apareci\u00f3 custodiando a Wanda Nara, la mujer del futbolista Mauro Icardi, y [&hellip;]<\/p>\n","protected":false},"author":4,"featured_media":102481,"comment_status":"closed","ping_status":"closed","sticky":false,"template":"","format":"standard","meta":{"om_disable_all_campaigns":false,"_jetpack_memberships_contains_paid_content":false,"footnotes":""},"categories":[50,101,2],"tags":[197,696,33,19],"class_list":["post-102480","post","type-post","status-publish","format-standard","has-post-thumbnail","hentry","category-destacadas","category-interes-general-locales","category-locales","tag-buenos-aires","tag-interes-general","tag-locales","tag-san-pedro"],"aioseo_notices":[],"gutentor_comment":0,"jetpack_featured_media_url":"https:\/\/eldiariodesanpedro.com.ar\/sitio\/wp-content\/uploads\/2021\/12\/0000020573-resized-1920x1080-1.jpg","jetpack_shortlink":"https:\/\/wp.me\/p6RhLt-qEU","jetpack_sharing_enabled":true,"_links":{"self":[{"href":"https:\/\/eldiariodesanpedro.com.ar\/sitio\/wp-json\/wp\/v2\/posts\/102480","targetHints":{"allow":["GET"]}}],"collection":[{"href":"https:\/\/eldiariodesanpedro.com.ar\/sitio\/wp-json\/wp\/v2\/posts"}],"about":[{"href":"https:\/\/eldiariodesanpedro.com.ar\/sitio\/wp-json\/wp\/v2\/types\/post"}],"author":[{"embeddable":true,"href":"https:\/\/eldiariodesanpedro.com.ar\/sitio\/wp-json\/wp\/v2\/users\/4"}],"replies":[{"embeddable":true,"href":"https:\/\/eldiariodesanpedro.com.ar\/sitio\/wp-json\/wp\/v2\/comments?post=102480"}],"version-history":[{"count":1,"href":"https:\/\/eldiariodesanpedro.com.ar\/sitio\/wp-json\/wp\/v2\/posts\/102480\/revisions"}],"predecessor-version":[{"id":102482,"href":"https:\/\/eldiariodesanpedro.com.ar\/sitio\/wp-json\/wp\/v2\/posts\/102480\/revisions\/102482"}],"wp:featuredmedia":[{"embeddable":true,"href":"https:\/\/eldiariodesanpedro.com.ar\/sitio\/wp-json\/wp\/v2\/media\/102481"}],"wp:attachment":[{"href":"https:\/\/eldiariodesanpedro.com.ar\/sitio\/wp-json\/wp\/v2\/media?parent=102480"}],"wp:term":[{"taxonomy":"category","embeddable":true,"href":"https:\/\/eldiariodesanpedro.com.ar\/sitio\/wp-json\/wp\/v2\/categories?post=102480"},{"taxonomy":"post_tag","embeddable":true,"href":"https:\/\/eldiariodesanpedro.com.ar\/sitio\/wp-json\/wp\/v2\/tags?post=102480"}],"curies":[{"name":"wp","href":"https:\/\/api.w.org\/{rel}","templated":true}]}}