{"id":10248,"date":"2016-11-15T18:40:13","date_gmt":"2016-11-15T21:40:13","guid":{"rendered":"https:\/\/eldiariodesanpedro.com.ar\/sitio\/?p=10248"},"modified":"2016-11-15T18:40:13","modified_gmt":"2016-11-15T21:40:13","slug":"valorizando-la-batata-local","status":"publish","type":"post","link":"https:\/\/eldiariodesanpedro.com.ar\/sitio\/valorizando-la-batata-local\/","title":{"rendered":"Valorizando la batata local"},"content":{"rendered":"<p><!-- VideographyWP Plugin Message: Automatic video embedding prevented by plugin options. --><br \/>\nMedio centenar de productores de San Pedro, 25 de Mayo y el AMBA estuvieron en el INTA San Pedro con el objetivo de llevarse herramientas \u00f9tiles para la producci\u00f3n de batata de forma agroecol\u00f3gica.<\/p>\n<p>En el caso de San Pedro, acompa\u00f1ado por Laura Hansen, estuvo un grupo que inici\u00f3 una experiencia de valorizaci\u00f3n de la batata como producto local. Se trata de un proyecto especial de Prohuerta, desde su implantaci\u00f3n y seguimiento sin agroqu\u00edmicos, el lavado con m\u00e1quinas especialmente replicadas desde el CIPAF y el agregado de valor comunicacional para la instancia de comunicaci\u00f3n.<\/p>\n<p>Los productores de AMBA estuvieron acompa\u00f1ados por Camila G\u00f3mez, Carlos Pineda y Pablo Delmazo, y en el caso de los de 25 de Mayo, por Gabriela Dubo.<\/p>\n<p>La capacitaci\u00f3n estuvo brindada por H\u00e9ctor Mart\u00ed y Jorge Ull\u00e9, quienes adem\u00e1s llevaron a los productores a conocer la almaciguera y las experiencias de producci\u00f3n de micorrizas para plantines, respectivamente. Toda la actividad estuvo coordinada por Nicol\u00e1s Fortunato.<\/p>\n","protected":false},"excerpt":{"rendered":"<p>Medio centenar de productores de San Pedro, 25 de Mayo y el AMBA estuvieron en el INTA San Pedro con el objetivo de llevarse herramientas \u00f9tiles para la producci\u00f3n de batata de forma agroecol\u00f3gica. En el caso de San Pedro, acompa\u00f1ado por Laura Hansen, estuvo un grupo que inici\u00f3 una experiencia de valorizaci\u00f3n de la [&hellip;]<\/p>\n","protected":false},"author":4,"featured_media":10249,"comment_status":"open","ping_status":"closed","sticky":false,"template":"","format":"standard","meta":{"om_disable_all_campaigns":false,"_jetpack_memberships_contains_paid_content":false,"footnotes":""},"categories":[101,2],"tags":[],"class_list":["post-10248","post","type-post","status-publish","format-standard","has-post-thumbnail","hentry","category-interes-general-locales","category-locales"],"aioseo_notices":[],"gutentor_comment":0,"jetpack_featured_media_url":"https:\/\/eldiariodesanpedro.com.ar\/sitio\/wp-content\/uploads\/2016\/11\/PAGINA-4-6.jpg","jetpack_shortlink":"https:\/\/wp.me\/p6RhLt-2Fi","jetpack_sharing_enabled":true,"_links":{"self":[{"href":"https:\/\/eldiariodesanpedro.com.ar\/sitio\/wp-json\/wp\/v2\/posts\/10248","targetHints":{"allow":["GET"]}}],"collection":[{"href":"https:\/\/eldiariodesanpedro.com.ar\/sitio\/wp-json\/wp\/v2\/posts"}],"about":[{"href":"https:\/\/eldiariodesanpedro.com.ar\/sitio\/wp-json\/wp\/v2\/types\/post"}],"author":[{"embeddable":true,"href":"https:\/\/eldiariodesanpedro.com.ar\/sitio\/wp-json\/wp\/v2\/users\/4"}],"replies":[{"embeddable":true,"href":"https:\/\/eldiariodesanpedro.com.ar\/sitio\/wp-json\/wp\/v2\/comments?post=10248"}],"version-history":[{"count":1,"href":"https:\/\/eldiariodesanpedro.com.ar\/sitio\/wp-json\/wp\/v2\/posts\/10248\/revisions"}],"predecessor-version":[{"id":10250,"href":"https:\/\/eldiariodesanpedro.com.ar\/sitio\/wp-json\/wp\/v2\/posts\/10248\/revisions\/10250"}],"wp:featuredmedia":[{"embeddable":true,"href":"https:\/\/eldiariodesanpedro.com.ar\/sitio\/wp-json\/wp\/v2\/media\/10249"}],"wp:attachment":[{"href":"https:\/\/eldiariodesanpedro.com.ar\/sitio\/wp-json\/wp\/v2\/media?parent=10248"}],"wp:term":[{"taxonomy":"category","embeddable":true,"href":"https:\/\/eldiariodesanpedro.com.ar\/sitio\/wp-json\/wp\/v2\/categories?post=10248"},{"taxonomy":"post_tag","embeddable":true,"href":"https:\/\/eldiariodesanpedro.com.ar\/sitio\/wp-json\/wp\/v2\/tags?post=10248"}],"curies":[{"name":"wp","href":"https:\/\/api.w.org\/{rel}","templated":true}]}}