{"id":102477,"date":"2021-12-23T09:57:43","date_gmt":"2021-12-23T12:57:43","guid":{"rendered":"https:\/\/eldiariodesanpedro.com.ar\/sitio\/?p=102477"},"modified":"2021-12-23T09:57:44","modified_gmt":"2021-12-23T12:57:44","slug":"detenido-por-abuso-sexual-de-una-nena-de-13-anos-que-estaria-embarazada","status":"publish","type":"post","link":"https:\/\/eldiariodesanpedro.com.ar\/sitio\/detenido-por-abuso-sexual-de-una-nena-de-13-anos-que-estaria-embarazada\/","title":{"rendered":"Detenido por abuso sexual de una nena de 13 a\u00f1os que estaria embarazada"},"content":{"rendered":"<!-- VideographyWP Plugin Message: Automatic video embedding prevented by plugin options. -->\n\n<p>El personal de la DDI llevo adelante la detenci\u00f3n en la tarde de ayer alrededor de las 16.30 hs la detencion de un ciudadano de 26 a\u00f1os denunciado de abuso sexual.<\/p>\n\n\n\n<p>La denuncia fue radicada en la Comisar\u00eda de la Mujer y la Familia por la madre de la v\u00edctima, una menor de 13 a\u00f1os.&nbsp;<\/p>\n\n\n\n<p>El imputado es vecino y cercano a la familia&nbsp; y fue detenido hoy en su vivienda en el barrio de la escuela 11.<\/p>\n\n\n\n<p>Como agravante la menor est\u00e1 embarazada, y ser\u00eda de pocas semanas. La causa est\u00e1 a cargo de la fiscal\u00eda N\u00b0 7 de la Dra Viviani, el acusado permanece detenido en la DDI San Nicol\u00e1s, hasta que sea trasladado para declaraci\u00f3n.<\/p>\n","protected":false},"excerpt":{"rendered":"<p>El personal de la DDI llevo adelante la detenci\u00f3n en la tarde de ayer alrededor de las 16.30 hs la detencion de un ciudadano de 26 a\u00f1os denunciado de abuso sexual. La denuncia fue radicada en la Comisar\u00eda de la Mujer y la Familia por la madre de la v\u00edctima, una menor de 13 a\u00f1os.&nbsp; [&hellip;]<\/p>\n","protected":false},"author":4,"featured_media":102478,"comment_status":"closed","ping_status":"closed","sticky":false,"template":"","format":"standard","meta":{"om_disable_all_campaigns":false,"_jetpack_memberships_contains_paid_content":false,"footnotes":""},"categories":[50,2,103],"tags":[197,696,33,19],"class_list":["post-102477","post","type-post","status-publish","format-standard","has-post-thumbnail","hentry","category-destacadas","category-locales","category-policiales-locales","tag-buenos-aires","tag-interes-general","tag-locales","tag-san-pedro"],"aioseo_notices":[],"gutentor_comment":0,"jetpack_featured_media_url":"https:\/\/eldiariodesanpedro.com.ar\/sitio\/wp-content\/uploads\/2021\/12\/medida.png","jetpack_shortlink":"https:\/\/wp.me\/p6RhLt-qER","jetpack_sharing_enabled":true,"_links":{"self":[{"href":"https:\/\/eldiariodesanpedro.com.ar\/sitio\/wp-json\/wp\/v2\/posts\/102477","targetHints":{"allow":["GET"]}}],"collection":[{"href":"https:\/\/eldiariodesanpedro.com.ar\/sitio\/wp-json\/wp\/v2\/posts"}],"about":[{"href":"https:\/\/eldiariodesanpedro.com.ar\/sitio\/wp-json\/wp\/v2\/types\/post"}],"author":[{"embeddable":true,"href":"https:\/\/eldiariodesanpedro.com.ar\/sitio\/wp-json\/wp\/v2\/users\/4"}],"replies":[{"embeddable":true,"href":"https:\/\/eldiariodesanpedro.com.ar\/sitio\/wp-json\/wp\/v2\/comments?post=102477"}],"version-history":[{"count":1,"href":"https:\/\/eldiariodesanpedro.com.ar\/sitio\/wp-json\/wp\/v2\/posts\/102477\/revisions"}],"predecessor-version":[{"id":102479,"href":"https:\/\/eldiariodesanpedro.com.ar\/sitio\/wp-json\/wp\/v2\/posts\/102477\/revisions\/102479"}],"wp:featuredmedia":[{"embeddable":true,"href":"https:\/\/eldiariodesanpedro.com.ar\/sitio\/wp-json\/wp\/v2\/media\/102478"}],"wp:attachment":[{"href":"https:\/\/eldiariodesanpedro.com.ar\/sitio\/wp-json\/wp\/v2\/media?parent=102477"}],"wp:term":[{"taxonomy":"category","embeddable":true,"href":"https:\/\/eldiariodesanpedro.com.ar\/sitio\/wp-json\/wp\/v2\/categories?post=102477"},{"taxonomy":"post_tag","embeddable":true,"href":"https:\/\/eldiariodesanpedro.com.ar\/sitio\/wp-json\/wp\/v2\/tags?post=102477"}],"curies":[{"name":"wp","href":"https:\/\/api.w.org\/{rel}","templated":true}]}}