{"id":102468,"date":"2021-12-22T21:23:44","date_gmt":"2021-12-23T00:23:44","guid":{"rendered":"https:\/\/eldiariodesanpedro.com.ar\/sitio\/?p=102468"},"modified":"2021-12-22T21:23:45","modified_gmt":"2021-12-23T00:23:45","slug":"se-firmo-el-contrato-para-el-inicio-de-la-construccion-de-las-89-viviendas","status":"publish","type":"post","link":"https:\/\/eldiariodesanpedro.com.ar\/sitio\/se-firmo-el-contrato-para-el-inicio-de-la-construccion-de-las-89-viviendas\/","title":{"rendered":"Se firm\u00f3 el contrato para el inicio de la construcci\u00f3n de las 89 viviendas"},"content":{"rendered":"<!-- VideographyWP Plugin Message: Automatic video embedding prevented by plugin options. -->\n\n<p>Esta ma\u00f1ana se cumpli\u00f3 con la firma del contrato para el inmediato inicio de los trabajos en la construcci\u00f3n de las 89 viviendas en el barrio Cooperativa Nuestros Sue\u00f1os.<br>El Intendente Ram\u00f3n Salazar suscribi\u00f3 la documentaci\u00f3n con la empresa adjudicataria \u201cCooperativa de Vivienda 8 de Diciembre Limitada\u201d.<\/p>\n\n\n\n<p>Comenzar\u00e1n la pr\u00f3xima semana las tareas de movimiento de suelos para iniciar la construcci\u00f3n de un nuevo plan habitacional que se suma a las 84 viviendas que ya se est\u00e1n construyendo en Villa Depietri luego de m\u00e1s de una d\u00e9cada sin planes de vivienda en el Partido de San Pedro.<\/p>\n\n\n\n<p>En el acto participaron junto al Dr. Salazar, el Secretario de Obras Planeamiento y Catastro Dr. Javier Silva y Roberto G\u00f3mez, representante de la cooperativa mencionada que tendr\u00e1 un plazo de 18 meses para la finalizaci\u00f3n de la obra que tendr\u00e1 un monto superior a los 400 millones de pesos de acuerdo a lo establecido en el contrato.<\/p>\n","protected":false},"excerpt":{"rendered":"<p>Esta ma\u00f1ana se cumpli\u00f3 con la firma del contrato para el inmediato inicio de los trabajos en la construcci\u00f3n de las 89 viviendas en el barrio Cooperativa Nuestros Sue\u00f1os.El Intendente Ram\u00f3n Salazar suscribi\u00f3 la documentaci\u00f3n con la empresa adjudicataria \u201cCooperativa de Vivienda 8 de Diciembre Limitada\u201d. Comenzar\u00e1n la pr\u00f3xima semana las tareas de movimiento de [&hellip;]<\/p>\n","protected":false},"author":4,"featured_media":102469,"comment_status":"closed","ping_status":"closed","sticky":false,"template":"","format":"standard","meta":{"om_disable_all_campaigns":false,"_jetpack_memberships_contains_paid_content":false,"footnotes":""},"categories":[50,101,2],"tags":[197,696,33,19],"class_list":["post-102468","post","type-post","status-publish","format-standard","has-post-thumbnail","hentry","category-destacadas","category-interes-general-locales","category-locales","tag-buenos-aires","tag-interes-general","tag-locales","tag-san-pedro"],"aioseo_notices":[],"gutentor_comment":0,"jetpack_featured_media_url":"https:\/\/eldiariodesanpedro.com.ar\/sitio\/wp-content\/uploads\/2021\/12\/WhatsApp-Image-2021-12-22-at-17.27.49.jpeg","jetpack_shortlink":"https:\/\/wp.me\/p6RhLt-qEI","jetpack_sharing_enabled":true,"_links":{"self":[{"href":"https:\/\/eldiariodesanpedro.com.ar\/sitio\/wp-json\/wp\/v2\/posts\/102468","targetHints":{"allow":["GET"]}}],"collection":[{"href":"https:\/\/eldiariodesanpedro.com.ar\/sitio\/wp-json\/wp\/v2\/posts"}],"about":[{"href":"https:\/\/eldiariodesanpedro.com.ar\/sitio\/wp-json\/wp\/v2\/types\/post"}],"author":[{"embeddable":true,"href":"https:\/\/eldiariodesanpedro.com.ar\/sitio\/wp-json\/wp\/v2\/users\/4"}],"replies":[{"embeddable":true,"href":"https:\/\/eldiariodesanpedro.com.ar\/sitio\/wp-json\/wp\/v2\/comments?post=102468"}],"version-history":[{"count":1,"href":"https:\/\/eldiariodesanpedro.com.ar\/sitio\/wp-json\/wp\/v2\/posts\/102468\/revisions"}],"predecessor-version":[{"id":102470,"href":"https:\/\/eldiariodesanpedro.com.ar\/sitio\/wp-json\/wp\/v2\/posts\/102468\/revisions\/102470"}],"wp:featuredmedia":[{"embeddable":true,"href":"https:\/\/eldiariodesanpedro.com.ar\/sitio\/wp-json\/wp\/v2\/media\/102469"}],"wp:attachment":[{"href":"https:\/\/eldiariodesanpedro.com.ar\/sitio\/wp-json\/wp\/v2\/media?parent=102468"}],"wp:term":[{"taxonomy":"category","embeddable":true,"href":"https:\/\/eldiariodesanpedro.com.ar\/sitio\/wp-json\/wp\/v2\/categories?post=102468"},{"taxonomy":"post_tag","embeddable":true,"href":"https:\/\/eldiariodesanpedro.com.ar\/sitio\/wp-json\/wp\/v2\/tags?post=102468"}],"curies":[{"name":"wp","href":"https:\/\/api.w.org\/{rel}","templated":true}]}}