{"id":102436,"date":"2021-12-22T14:39:57","date_gmt":"2021-12-22T17:39:57","guid":{"rendered":"https:\/\/eldiariodesanpedro.com.ar\/sitio\/?p=102436"},"modified":"2021-12-22T14:39:58","modified_gmt":"2021-12-22T17:39:58","slug":"historica-importacion-de-bananas-a-traves-del-puerto-de-san-pedro","status":"publish","type":"post","link":"https:\/\/eldiariodesanpedro.com.ar\/sitio\/historica-importacion-de-bananas-a-traves-del-puerto-de-san-pedro\/","title":{"rendered":"Hist\u00f3rica importaci\u00f3n de bananas a trav\u00e9s del Puerto de San Pedro"},"content":{"rendered":"<!-- VideographyWP Plugin Message: Automatic video embedding prevented by plugin options. -->\n\n<p>Con la llegada a la rada operativa del Buque MV Elvira de bandera de Liberia con 151.99 metros de eslora x 23 de manga, el Puerto de San Pedro concretar\u00e1 su primera operaci\u00f3n formal de importaci\u00f3n.<\/p>\n\n\n\n<p>La carga prevista es de 4.300 pallets de bananas que llegar\u00e1n procedentes de Guayaquil Ecuador, luego de una gesti\u00f3n realizada a trav\u00e9s de operadores portuarios que han elegido al Puerto de San Pedro, consolidando el perfil que le he permitido destacarse por la exportaci\u00f3n de alimentos.<\/p>\n\n\n\n<p>El arribo del buque el muelle ser\u00e1 en los pr\u00f3ximos d\u00edas a la rada operativa y atracar\u00e1 en el muelle cabecera el 27 de diciembre por la ma\u00f1ana.&nbsp; Este gran acontecimiento llega a partir de una alianza estrat\u00e9gica entre el Consorcio, la empresa Multimodal Port que realizar\u00e1 importaci\u00f3n, las firmas propietarias de los dep\u00f3sitos Ruta 9 Group y Frutales donde se almacenar\u00e1 la carga antes de su distribuci\u00f3n y una gran colaboraci\u00f3n de la ADUANA San Pedro y los organismos que son parte de este tipo de log\u00edstica.<br><br>&nbsp;Esta importaci\u00f3n que tambi\u00e9n reviste caracter\u00edsticas especiales para la Provincia de Buenos Aires ya que es la primera operaci\u00f3n de este tipo en dos d\u00e9cadas llega en el final de un gran a\u00f1o en el que se han abierto nuevos mercados y han ingresado como operadores nuevas empresas nacionales internacionales que abren excelentes perspectivas para el futuro, considerando adem\u00e1s inversiones en infraestructura que comenzar\u00e1n en breve y las proyecciones generales en cuanto a las exportaciones del pa\u00eds.<\/p>\n\n\n\n<p>Para San Pedro es hist\u00f3rico ya que nunca se hizo una importaci\u00f3n de este tipo y para la Rep\u00fablica Argentina es trascendental ya que se vuelva a realizar esta operaci\u00f3n despu\u00e9s de m\u00e1s de 20 a\u00f1os, considerando que hasta esta operaci\u00f3n, este tipo de producto llegaba a trav\u00e9s del Puerto de Valpara\u00edso, Chile e ingresaba por transportes terrestres hacia Argentina.<\/p>\n\n\n\n<p>En tanto se acerque la fecha de importaci\u00f3n compartiremos mayor informaci\u00f3n.<\/p>\n","protected":false},"excerpt":{"rendered":"<p>Con la llegada a la rada operativa del Buque MV Elvira de bandera de Liberia con 151.99 metros de eslora x 23 de manga, el Puerto de San Pedro concretar\u00e1 su primera operaci\u00f3n formal de importaci\u00f3n. La carga prevista es de 4.300 pallets de bananas que llegar\u00e1n procedentes de Guayaquil Ecuador, luego de una gesti\u00f3n [&hellip;]<\/p>\n","protected":false},"author":4,"featured_media":102437,"comment_status":"closed","ping_status":"closed","sticky":false,"template":"","format":"standard","meta":{"om_disable_all_campaigns":false,"_jetpack_memberships_contains_paid_content":false,"footnotes":""},"categories":[50,101,2],"tags":[197,696,33,19],"class_list":["post-102436","post","type-post","status-publish","format-standard","has-post-thumbnail","hentry","category-destacadas","category-interes-general-locales","category-locales","tag-buenos-aires","tag-interes-general","tag-locales","tag-san-pedro"],"aioseo_notices":[],"gutentor_comment":0,"jetpack_featured_media_url":"https:\/\/eldiariodesanpedro.com.ar\/sitio\/wp-content\/uploads\/2021\/12\/importacion-1.jpg","jetpack_shortlink":"https:\/\/wp.me\/p6RhLt-qEc","jetpack_sharing_enabled":true,"_links":{"self":[{"href":"https:\/\/eldiariodesanpedro.com.ar\/sitio\/wp-json\/wp\/v2\/posts\/102436","targetHints":{"allow":["GET"]}}],"collection":[{"href":"https:\/\/eldiariodesanpedro.com.ar\/sitio\/wp-json\/wp\/v2\/posts"}],"about":[{"href":"https:\/\/eldiariodesanpedro.com.ar\/sitio\/wp-json\/wp\/v2\/types\/post"}],"author":[{"embeddable":true,"href":"https:\/\/eldiariodesanpedro.com.ar\/sitio\/wp-json\/wp\/v2\/users\/4"}],"replies":[{"embeddable":true,"href":"https:\/\/eldiariodesanpedro.com.ar\/sitio\/wp-json\/wp\/v2\/comments?post=102436"}],"version-history":[{"count":1,"href":"https:\/\/eldiariodesanpedro.com.ar\/sitio\/wp-json\/wp\/v2\/posts\/102436\/revisions"}],"predecessor-version":[{"id":102438,"href":"https:\/\/eldiariodesanpedro.com.ar\/sitio\/wp-json\/wp\/v2\/posts\/102436\/revisions\/102438"}],"wp:featuredmedia":[{"embeddable":true,"href":"https:\/\/eldiariodesanpedro.com.ar\/sitio\/wp-json\/wp\/v2\/media\/102437"}],"wp:attachment":[{"href":"https:\/\/eldiariodesanpedro.com.ar\/sitio\/wp-json\/wp\/v2\/media?parent=102436"}],"wp:term":[{"taxonomy":"category","embeddable":true,"href":"https:\/\/eldiariodesanpedro.com.ar\/sitio\/wp-json\/wp\/v2\/categories?post=102436"},{"taxonomy":"post_tag","embeddable":true,"href":"https:\/\/eldiariodesanpedro.com.ar\/sitio\/wp-json\/wp\/v2\/tags?post=102436"}],"curies":[{"name":"wp","href":"https:\/\/api.w.org\/{rel}","templated":true}]}}