{"id":102430,"date":"2021-12-22T14:33:21","date_gmt":"2021-12-22T17:33:21","guid":{"rendered":"https:\/\/eldiariodesanpedro.com.ar\/sitio\/?p=102430"},"modified":"2021-12-22T14:33:23","modified_gmt":"2021-12-22T17:33:23","slug":"entrega-de-herramientas-para-las-instituciones-educativas-2","status":"publish","type":"post","link":"https:\/\/eldiariodesanpedro.com.ar\/sitio\/entrega-de-herramientas-para-las-instituciones-educativas-2\/","title":{"rendered":"Entrega de herramientas para las instituciones educativas"},"content":{"rendered":"<!-- VideographyWP Plugin Message: Automatic video embedding prevented by plugin options. -->\n\n<p>La Municipalidad de San Pedro, a trav\u00e9s de la Direcci\u00f3n de Educaci\u00f3n y Capacitaci\u00f3n llev\u00f3 a cabo la segunda entrega de materiales y herramientas a diferentes establecimientos educativos, complementando con esta segunda etapa de entregas una serie de pedidos que fueron realizados por las instituciones.<\/p>\n\n\n\n<p>En esta ocasi\u00f3n el secretario de Gobierno Pablo Vlaeminck junto al secretario de Desarrollo Humano y la directora de Educaci\u00f3n y Capacitaci\u00f3n Celina Bronce entregaron a las directoras de ocho establecimientos educativos que se suman a los seis que recibieron anteriormente.<\/p>\n\n\n\n<p>Pr\u00f3ximamente se realizar\u00e1 una nueva entrega con los establecimientos que se encuentran pendientes para completar el equipamiento las instituciones educativas dependientes del \u00e1rea y del Concejo Escolar.<\/p>\n\n\n\n<p>El listado de los materiales entregados e instituciones que los recibieron:<\/p>\n\n\n\n<p>Escuela Especial N\u00b0 502 \u2013 1 M\u00e1quina de coser y TV Smart<br>Escuela N\u00b0 8 Tierra del Fuego \u2013 1 Impresora y 60 litros de pintura<br>Jard\u00edn de infantes 915 F. Molina Campos \u2013 1 Impresora y 2 aires acondicionados<br>Escuela Secundaria EES N\u00b0 14 \u2013 1 Parlante, 1 micr\u00f3fono, TV Smart, 1 proyector<br>Escuela Secundaria EES N\u00b0 16 \u2013 1 Proyector<br>Jard\u00edn Municipal N\u00b0 1 Calcul\u00edn \u2013 1 Parlante, 1 micr\u00f3fono, 1 gazebo<br>Jard\u00edn Municipal N\u00b02 Pulgarcito \u2013 1 Gazebo y 1 computadora<br>Jard\u00edn Municipal N\u00b0 5 Santos Quir\u00f3s \u2013 1 computadora<br>Casa del Ni\u00f1o El Amanecer \u2013 3 Toboganes y 1 horno industrial<br>Casa del Ni\u00f1o Paula Albarrac\u00edn \u2013 2 Toboganes<\/p>\n\n\n\n<figure class=\"wp-block-image size-full\"><img decoding=\"async\" width=\"849\" height=\"630\" data-attachment-id=\"102434\" data-permalink=\"https:\/\/eldiariodesanpedro.com.ar\/sitio\/entrega-de-herramientas-para-las-instituciones-educativas-2\/whatsapp-image-2021-12-21-at-16-34-23\/\" data-orig-file=\"https:\/\/eldiariodesanpedro.com.ar\/sitio\/wp-content\/uploads\/2021\/12\/WhatsApp-Image-2021-12-21-at-16.34.23.jpeg\" data-orig-size=\"849,630\" data-comments-opened=\"0\" data-image-meta=\"{&quot;aperture&quot;:&quot;0&quot;,&quot;credit&quot;:&quot;&quot;,&quot;camera&quot;:&quot;&quot;,&quot;caption&quot;:&quot;&quot;,&quot;created_timestamp&quot;:&quot;0&quot;,&quot;copyright&quot;:&quot;&quot;,&quot;focal_length&quot;:&quot;0&quot;,&quot;iso&quot;:&quot;0&quot;,&quot;shutter_speed&quot;:&quot;0&quot;,&quot;title&quot;:&quot;&quot;,&quot;orientation&quot;:&quot;0&quot;}\" data-image-title=\"WhatsApp Image 2021-12-21 at 16.34.23\" data-image-description=\"\" data-image-caption=\"\" data-large-file=\"https:\/\/eldiariodesanpedro.com.ar\/sitio\/wp-content\/uploads\/2021\/12\/WhatsApp-Image-2021-12-21-at-16.34.23.jpeg\" data-src=\"https:\/\/eldiariodesanpedro.com.ar\/sitio\/wp-content\/uploads\/2021\/12\/WhatsApp-Image-2021-12-21-at-16.34.23.jpeg\" alt=\"\" class=\"wp-image-102434 lazyload\" data-srcset=\"https:\/\/eldiariodesanpedro.com.ar\/sitio\/wp-content\/uploads\/2021\/12\/WhatsApp-Image-2021-12-21-at-16.34.23.jpeg 849w, https:\/\/eldiariodesanpedro.com.ar\/sitio\/wp-content\/uploads\/2021\/12\/WhatsApp-Image-2021-12-21-at-16.34.23-300x223.jpeg 300w, https:\/\/eldiariodesanpedro.com.ar\/sitio\/wp-content\/uploads\/2021\/12\/WhatsApp-Image-2021-12-21-at-16.34.23-768x570.jpeg 768w\" data-sizes=\"(max-width: 849px) 100vw, 849px\" src=\"data:image\/svg+xml;base64,PHN2ZyB3aWR0aD0iMSIgaGVpZ2h0PSIxIiB4bWxucz0iaHR0cDovL3d3dy53My5vcmcvMjAwMC9zdmciPjwvc3ZnPg==\" style=\"--smush-placeholder-width: 849px; --smush-placeholder-aspect-ratio: 849\/630;\" \/><\/figure>\n\n\n\n<figure class=\"wp-block-image size-full\"><img decoding=\"async\" width=\"674\" height=\"630\" data-attachment-id=\"102432\" data-permalink=\"https:\/\/eldiariodesanpedro.com.ar\/sitio\/entrega-de-herramientas-para-las-instituciones-educativas-2\/whatsapp-image-2021-12-21-at-16-34-21\/\" data-orig-file=\"https:\/\/eldiariodesanpedro.com.ar\/sitio\/wp-content\/uploads\/2021\/12\/WhatsApp-Image-2021-12-21-at-16.34.21.jpeg\" data-orig-size=\"674,630\" data-comments-opened=\"0\" data-image-meta=\"{&quot;aperture&quot;:&quot;0&quot;,&quot;credit&quot;:&quot;&quot;,&quot;camera&quot;:&quot;&quot;,&quot;caption&quot;:&quot;&quot;,&quot;created_timestamp&quot;:&quot;0&quot;,&quot;copyright&quot;:&quot;&quot;,&quot;focal_length&quot;:&quot;0&quot;,&quot;iso&quot;:&quot;0&quot;,&quot;shutter_speed&quot;:&quot;0&quot;,&quot;title&quot;:&quot;&quot;,&quot;orientation&quot;:&quot;0&quot;}\" data-image-title=\"WhatsApp Image 2021-12-21 at 16.34.21\" data-image-description=\"\" data-image-caption=\"\" data-large-file=\"https:\/\/eldiariodesanpedro.com.ar\/sitio\/wp-content\/uploads\/2021\/12\/WhatsApp-Image-2021-12-21-at-16.34.21.jpeg\" data-src=\"https:\/\/eldiariodesanpedro.com.ar\/sitio\/wp-content\/uploads\/2021\/12\/WhatsApp-Image-2021-12-21-at-16.34.21.jpeg\" alt=\"\" class=\"wp-image-102432 lazyload\" data-srcset=\"https:\/\/eldiariodesanpedro.com.ar\/sitio\/wp-content\/uploads\/2021\/12\/WhatsApp-Image-2021-12-21-at-16.34.21.jpeg 674w, https:\/\/eldiariodesanpedro.com.ar\/sitio\/wp-content\/uploads\/2021\/12\/WhatsApp-Image-2021-12-21-at-16.34.21-300x280.jpeg 300w\" data-sizes=\"(max-width: 674px) 100vw, 674px\" src=\"data:image\/svg+xml;base64,PHN2ZyB3aWR0aD0iMSIgaGVpZ2h0PSIxIiB4bWxucz0iaHR0cDovL3d3dy53My5vcmcvMjAwMC9zdmciPjwvc3ZnPg==\" style=\"--smush-placeholder-width: 674px; --smush-placeholder-aspect-ratio: 674\/630;\" \/><\/figure>\n\n\n\n<figure class=\"wp-block-image size-full\"><img decoding=\"async\" width=\"846\" height=\"630\" data-attachment-id=\"102431\" data-permalink=\"https:\/\/eldiariodesanpedro.com.ar\/sitio\/entrega-de-herramientas-para-las-instituciones-educativas-2\/whatsapp-image-2021-12-21-at-16-34-20\/\" data-orig-file=\"https:\/\/eldiariodesanpedro.com.ar\/sitio\/wp-content\/uploads\/2021\/12\/WhatsApp-Image-2021-12-21-at-16.34.20.jpeg\" data-orig-size=\"846,630\" data-comments-opened=\"0\" data-image-meta=\"{&quot;aperture&quot;:&quot;0&quot;,&quot;credit&quot;:&quot;&quot;,&quot;camera&quot;:&quot;&quot;,&quot;caption&quot;:&quot;&quot;,&quot;created_timestamp&quot;:&quot;0&quot;,&quot;copyright&quot;:&quot;&quot;,&quot;focal_length&quot;:&quot;0&quot;,&quot;iso&quot;:&quot;0&quot;,&quot;shutter_speed&quot;:&quot;0&quot;,&quot;title&quot;:&quot;&quot;,&quot;orientation&quot;:&quot;0&quot;}\" data-image-title=\"WhatsApp Image 2021-12-21 at 16.34.20\" data-image-description=\"\" data-image-caption=\"\" data-large-file=\"https:\/\/eldiariodesanpedro.com.ar\/sitio\/wp-content\/uploads\/2021\/12\/WhatsApp-Image-2021-12-21-at-16.34.20.jpeg\" data-src=\"https:\/\/eldiariodesanpedro.com.ar\/sitio\/wp-content\/uploads\/2021\/12\/WhatsApp-Image-2021-12-21-at-16.34.20.jpeg\" alt=\"\" class=\"wp-image-102431 lazyload\" data-srcset=\"https:\/\/eldiariodesanpedro.com.ar\/sitio\/wp-content\/uploads\/2021\/12\/WhatsApp-Image-2021-12-21-at-16.34.20.jpeg 846w, https:\/\/eldiariodesanpedro.com.ar\/sitio\/wp-content\/uploads\/2021\/12\/WhatsApp-Image-2021-12-21-at-16.34.20-300x223.jpeg 300w, https:\/\/eldiariodesanpedro.com.ar\/sitio\/wp-content\/uploads\/2021\/12\/WhatsApp-Image-2021-12-21-at-16.34.20-768x572.jpeg 768w\" data-sizes=\"(max-width: 846px) 100vw, 846px\" src=\"data:image\/svg+xml;base64,PHN2ZyB3aWR0aD0iMSIgaGVpZ2h0PSIxIiB4bWxucz0iaHR0cDovL3d3dy53My5vcmcvMjAwMC9zdmciPjwvc3ZnPg==\" style=\"--smush-placeholder-width: 846px; --smush-placeholder-aspect-ratio: 846\/630;\" \/><\/figure>\n","protected":false},"excerpt":{"rendered":"<p>La Municipalidad de San Pedro, a trav\u00e9s de la Direcci\u00f3n de Educaci\u00f3n y Capacitaci\u00f3n llev\u00f3 a cabo la segunda entrega de materiales y herramientas a diferentes establecimientos educativos, complementando con esta segunda etapa de entregas una serie de pedidos que fueron realizados por las instituciones. En esta ocasi\u00f3n el secretario de Gobierno Pablo Vlaeminck junto [&hellip;]<\/p>\n","protected":false},"author":4,"featured_media":102433,"comment_status":"closed","ping_status":"closed","sticky":false,"template":"","format":"standard","meta":{"om_disable_all_campaigns":false,"_jetpack_memberships_contains_paid_content":false,"footnotes":""},"categories":[50,101,2],"tags":[197,2564,696,33,19],"class_list":["post-102430","post","type-post","status-publish","format-standard","has-post-thumbnail","hentry","category-destacadas","category-interes-general-locales","category-locales","tag-buenos-aires","tag-entrega-de-herramientas-para-las-instituciones-educativas","tag-interes-general","tag-locales","tag-san-pedro"],"aioseo_notices":[],"gutentor_comment":0,"jetpack_featured_media_url":"https:\/\/eldiariodesanpedro.com.ar\/sitio\/wp-content\/uploads\/2021\/12\/WhatsApp-Image-2021-12-21-at-16.34.22.jpeg","jetpack_shortlink":"https:\/\/wp.me\/p6RhLt-qE6","jetpack_sharing_enabled":true,"_links":{"self":[{"href":"https:\/\/eldiariodesanpedro.com.ar\/sitio\/wp-json\/wp\/v2\/posts\/102430","targetHints":{"allow":["GET"]}}],"collection":[{"href":"https:\/\/eldiariodesanpedro.com.ar\/sitio\/wp-json\/wp\/v2\/posts"}],"about":[{"href":"https:\/\/eldiariodesanpedro.com.ar\/sitio\/wp-json\/wp\/v2\/types\/post"}],"author":[{"embeddable":true,"href":"https:\/\/eldiariodesanpedro.com.ar\/sitio\/wp-json\/wp\/v2\/users\/4"}],"replies":[{"embeddable":true,"href":"https:\/\/eldiariodesanpedro.com.ar\/sitio\/wp-json\/wp\/v2\/comments?post=102430"}],"version-history":[{"count":1,"href":"https:\/\/eldiariodesanpedro.com.ar\/sitio\/wp-json\/wp\/v2\/posts\/102430\/revisions"}],"predecessor-version":[{"id":102435,"href":"https:\/\/eldiariodesanpedro.com.ar\/sitio\/wp-json\/wp\/v2\/posts\/102430\/revisions\/102435"}],"wp:featuredmedia":[{"embeddable":true,"href":"https:\/\/eldiariodesanpedro.com.ar\/sitio\/wp-json\/wp\/v2\/media\/102433"}],"wp:attachment":[{"href":"https:\/\/eldiariodesanpedro.com.ar\/sitio\/wp-json\/wp\/v2\/media?parent=102430"}],"wp:term":[{"taxonomy":"category","embeddable":true,"href":"https:\/\/eldiariodesanpedro.com.ar\/sitio\/wp-json\/wp\/v2\/categories?post=102430"},{"taxonomy":"post_tag","embeddable":true,"href":"https:\/\/eldiariodesanpedro.com.ar\/sitio\/wp-json\/wp\/v2\/tags?post=102430"}],"curies":[{"name":"wp","href":"https:\/\/api.w.org\/{rel}","templated":true}]}}