{"id":102409,"date":"2021-12-22T12:39:39","date_gmt":"2021-12-22T15:39:39","guid":{"rendered":"https:\/\/eldiariodesanpedro.com.ar\/sitio\/?p=102409"},"modified":"2021-12-22T12:39:41","modified_gmt":"2021-12-22T15:39:41","slug":"cierre-de-un-gran-ano-para-el-puerto-con-excelentes-expectativas","status":"publish","type":"post","link":"https:\/\/eldiariodesanpedro.com.ar\/sitio\/cierre-de-un-gran-ano-para-el-puerto-con-excelentes-expectativas\/","title":{"rendered":"Cierre de un gran a\u00f1o para el Puerto con excelentes expectativas"},"content":{"rendered":"<!-- VideographyWP Plugin Message: Automatic video embedding prevented by plugin options. -->\n\n<p>El Intendente Dr. Ram\u00f3n Salazar y el Presidente del Consorcio de Gesti\u00f3n del Puerto de San Pedro Eliseo Almada encabezaron un almuerzo para despedir el a\u00f1o este martes en el Complejo MANSA LYFE, luego de la reuni\u00f3n del directorio del organismo, que cierra un a\u00f1o con un balance muy positivo en su operatoria y excelentes perspectivas desde el punto de vista de la inversi\u00f3n que realizar\u00e1 el Estado Nacional para obras de infraestructura jam\u00e1s realizadas, como desde la proyecci\u00f3n de nuevas cargas que generan trabajo directo e indirecto para un amplio sector de nuestra regi\u00f3n.<\/p>\n\n\n\n<p>El Intendente Ram\u00f3n Salazar destac\u00f3 esta transformaci\u00f3n del puerto, elogi\u00f3 la tarea del Presidente del Consorcio Eliseo Almada y record\u00f3 los dif\u00edciles momentos que se debieron atravesar desde la salida de la exportaci\u00f3n de frutas hasta este presente con la posibilidad de realizar los dragados de mantenimiento con fondos propios que representan una enorme inversi\u00f3n para garantizar la operatoria.&nbsp;Gracias a una administraci\u00f3n prolija y ordenada, as\u00ed ocurri\u00f3 en el 2020, 2021 y del mismo modo se concretar\u00e1 en el 2022.<\/p>\n\n\n\n<p>El Presidente del Consorcio agradeci\u00f3 al Intendente Cecilio Salazar por constante apoyo para todas las gestiones que han llevado al Puerto a este momento, a Ram\u00f3n Salazar por su acompa\u00f1amiento constante como representante de la Municipalidad en el Directorio, a todos los directores que apoyaron las decisiones que se han ido tomando para seguir avanzando,&nbsp; a los trabajadores de todas las \u00e1reas, empresarios, &nbsp;representantes sindicales y representantes de las reparticiones p\u00fablicas que forman parte del entramado portuario.<\/p>\n\n\n\n<p>Tambi\u00e9n remarc\u00f3 el acompa\u00f1amiento de los gobiernos de provincia y naci\u00f3n, de sus funcionarios y todos los que han facilitado las gestiones necesarias para un trabajo constante.<\/p>\n\n\n\n<figure class=\"wp-block-image size-large\"><img decoding=\"async\" width=\"1024\" height=\"472\" data-attachment-id=\"102411\" data-permalink=\"https:\/\/eldiariodesanpedro.com.ar\/sitio\/cierre-de-un-gran-ano-para-el-puerto-con-excelentes-expectativas\/puerto-despedida-2021-5\/\" data-orig-file=\"https:\/\/eldiariodesanpedro.com.ar\/sitio\/wp-content\/uploads\/2021\/12\/PUERTO-DESPEDIDA-2021-5.jpg\" data-orig-size=\"1200,553\" data-comments-opened=\"0\" data-image-meta=\"{&quot;aperture&quot;:&quot;0&quot;,&quot;credit&quot;:&quot;&quot;,&quot;camera&quot;:&quot;&quot;,&quot;caption&quot;:&quot;&quot;,&quot;created_timestamp&quot;:&quot;0&quot;,&quot;copyright&quot;:&quot;&quot;,&quot;focal_length&quot;:&quot;0&quot;,&quot;iso&quot;:&quot;0&quot;,&quot;shutter_speed&quot;:&quot;0&quot;,&quot;title&quot;:&quot;&quot;,&quot;orientation&quot;:&quot;0&quot;}\" data-image-title=\"PUERTO DESPEDIDA 2021 (5)\" data-image-description=\"\" data-image-caption=\"\" data-large-file=\"https:\/\/eldiariodesanpedro.com.ar\/sitio\/wp-content\/uploads\/2021\/12\/PUERTO-DESPEDIDA-2021-5-1024x472.jpg\" data-src=\"https:\/\/eldiariodesanpedro.com.ar\/sitio\/wp-content\/uploads\/2021\/12\/PUERTO-DESPEDIDA-2021-5-1024x472.jpg\" alt=\"\" class=\"wp-image-102411 lazyload\" data-srcset=\"https:\/\/eldiariodesanpedro.com.ar\/sitio\/wp-content\/uploads\/2021\/12\/PUERTO-DESPEDIDA-2021-5-1024x472.jpg 1024w, https:\/\/eldiariodesanpedro.com.ar\/sitio\/wp-content\/uploads\/2021\/12\/PUERTO-DESPEDIDA-2021-5-300x138.jpg 300w, https:\/\/eldiariodesanpedro.com.ar\/sitio\/wp-content\/uploads\/2021\/12\/PUERTO-DESPEDIDA-2021-5-768x354.jpg 768w, https:\/\/eldiariodesanpedro.com.ar\/sitio\/wp-content\/uploads\/2021\/12\/PUERTO-DESPEDIDA-2021-5.jpg 1200w\" data-sizes=\"(max-width: 1024px) 100vw, 1024px\" src=\"data:image\/svg+xml;base64,PHN2ZyB3aWR0aD0iMSIgaGVpZ2h0PSIxIiB4bWxucz0iaHR0cDovL3d3dy53My5vcmcvMjAwMC9zdmciPjwvc3ZnPg==\" style=\"--smush-placeholder-width: 1024px; --smush-placeholder-aspect-ratio: 1024\/472;\" \/><\/figure>\n\n\n\n<figure class=\"wp-block-image size-large\"><img decoding=\"async\" width=\"1024\" height=\"472\" data-attachment-id=\"102410\" data-permalink=\"https:\/\/eldiariodesanpedro.com.ar\/sitio\/cierre-de-un-gran-ano-para-el-puerto-con-excelentes-expectativas\/puerto-despedida-2021-4\/\" data-orig-file=\"https:\/\/eldiariodesanpedro.com.ar\/sitio\/wp-content\/uploads\/2021\/12\/PUERTO-DESPEDIDA-2021-4.jpg\" data-orig-size=\"1200,553\" data-comments-opened=\"0\" data-image-meta=\"{&quot;aperture&quot;:&quot;0&quot;,&quot;credit&quot;:&quot;&quot;,&quot;camera&quot;:&quot;&quot;,&quot;caption&quot;:&quot;&quot;,&quot;created_timestamp&quot;:&quot;0&quot;,&quot;copyright&quot;:&quot;&quot;,&quot;focal_length&quot;:&quot;0&quot;,&quot;iso&quot;:&quot;0&quot;,&quot;shutter_speed&quot;:&quot;0&quot;,&quot;title&quot;:&quot;&quot;,&quot;orientation&quot;:&quot;0&quot;}\" data-image-title=\"PUERTO DESPEDIDA 2021 (4)\" data-image-description=\"\" data-image-caption=\"\" data-large-file=\"https:\/\/eldiariodesanpedro.com.ar\/sitio\/wp-content\/uploads\/2021\/12\/PUERTO-DESPEDIDA-2021-4-1024x472.jpg\" data-src=\"https:\/\/eldiariodesanpedro.com.ar\/sitio\/wp-content\/uploads\/2021\/12\/PUERTO-DESPEDIDA-2021-4-1024x472.jpg\" alt=\"\" class=\"wp-image-102410 lazyload\" data-srcset=\"https:\/\/eldiariodesanpedro.com.ar\/sitio\/wp-content\/uploads\/2021\/12\/PUERTO-DESPEDIDA-2021-4-1024x472.jpg 1024w, https:\/\/eldiariodesanpedro.com.ar\/sitio\/wp-content\/uploads\/2021\/12\/PUERTO-DESPEDIDA-2021-4-300x138.jpg 300w, https:\/\/eldiariodesanpedro.com.ar\/sitio\/wp-content\/uploads\/2021\/12\/PUERTO-DESPEDIDA-2021-4-768x354.jpg 768w, https:\/\/eldiariodesanpedro.com.ar\/sitio\/wp-content\/uploads\/2021\/12\/PUERTO-DESPEDIDA-2021-4.jpg 1200w\" data-sizes=\"(max-width: 1024px) 100vw, 1024px\" src=\"data:image\/svg+xml;base64,PHN2ZyB3aWR0aD0iMSIgaGVpZ2h0PSIxIiB4bWxucz0iaHR0cDovL3d3dy53My5vcmcvMjAwMC9zdmciPjwvc3ZnPg==\" style=\"--smush-placeholder-width: 1024px; --smush-placeholder-aspect-ratio: 1024\/472;\" \/><\/figure>\n","protected":false},"excerpt":{"rendered":"<p>El Intendente Dr. Ram\u00f3n Salazar y el Presidente del Consorcio de Gesti\u00f3n del Puerto de San Pedro Eliseo Almada encabezaron un almuerzo para despedir el a\u00f1o este martes en el Complejo MANSA LYFE, luego de la reuni\u00f3n del directorio del organismo, que cierra un a\u00f1o con un balance muy positivo en su operatoria y excelentes [&hellip;]<\/p>\n","protected":false},"author":4,"featured_media":102412,"comment_status":"closed","ping_status":"closed","sticky":false,"template":"","format":"standard","meta":{"om_disable_all_campaigns":false,"_jetpack_memberships_contains_paid_content":false,"footnotes":""},"categories":[50,101,2],"tags":[197,2563,696,33,19],"class_list":["post-102409","post","type-post","status-publish","format-standard","has-post-thumbnail","hentry","category-destacadas","category-interes-general-locales","category-locales","tag-buenos-aires","tag-cierre-de-un-gran-ano-para-el-puerto-con-excelentes-expectativas","tag-interes-general","tag-locales","tag-san-pedro"],"aioseo_notices":[],"gutentor_comment":0,"jetpack_featured_media_url":"https:\/\/eldiariodesanpedro.com.ar\/sitio\/wp-content\/uploads\/2021\/12\/PUERTO-DESPEDIDA-2021-9.jpg","jetpack_shortlink":"https:\/\/wp.me\/p6RhLt-qDL","jetpack_sharing_enabled":true,"_links":{"self":[{"href":"https:\/\/eldiariodesanpedro.com.ar\/sitio\/wp-json\/wp\/v2\/posts\/102409","targetHints":{"allow":["GET"]}}],"collection":[{"href":"https:\/\/eldiariodesanpedro.com.ar\/sitio\/wp-json\/wp\/v2\/posts"}],"about":[{"href":"https:\/\/eldiariodesanpedro.com.ar\/sitio\/wp-json\/wp\/v2\/types\/post"}],"author":[{"embeddable":true,"href":"https:\/\/eldiariodesanpedro.com.ar\/sitio\/wp-json\/wp\/v2\/users\/4"}],"replies":[{"embeddable":true,"href":"https:\/\/eldiariodesanpedro.com.ar\/sitio\/wp-json\/wp\/v2\/comments?post=102409"}],"version-history":[{"count":1,"href":"https:\/\/eldiariodesanpedro.com.ar\/sitio\/wp-json\/wp\/v2\/posts\/102409\/revisions"}],"predecessor-version":[{"id":102413,"href":"https:\/\/eldiariodesanpedro.com.ar\/sitio\/wp-json\/wp\/v2\/posts\/102409\/revisions\/102413"}],"wp:featuredmedia":[{"embeddable":true,"href":"https:\/\/eldiariodesanpedro.com.ar\/sitio\/wp-json\/wp\/v2\/media\/102412"}],"wp:attachment":[{"href":"https:\/\/eldiariodesanpedro.com.ar\/sitio\/wp-json\/wp\/v2\/media?parent=102409"}],"wp:term":[{"taxonomy":"category","embeddable":true,"href":"https:\/\/eldiariodesanpedro.com.ar\/sitio\/wp-json\/wp\/v2\/categories?post=102409"},{"taxonomy":"post_tag","embeddable":true,"href":"https:\/\/eldiariodesanpedro.com.ar\/sitio\/wp-json\/wp\/v2\/tags?post=102409"}],"curies":[{"name":"wp","href":"https:\/\/api.w.org\/{rel}","templated":true}]}}