{"id":102406,"date":"2021-12-22T12:35:14","date_gmt":"2021-12-22T15:35:14","guid":{"rendered":"https:\/\/eldiariodesanpedro.com.ar\/sitio\/?p=102406"},"modified":"2021-12-22T12:35:16","modified_gmt":"2021-12-22T15:35:16","slug":"dos-buques-y-una-draga-estaran-operando-en-el-puerto-local-2","status":"publish","type":"post","link":"https:\/\/eldiariodesanpedro.com.ar\/sitio\/dos-buques-y-una-draga-estaran-operando-en-el-puerto-local-2\/","title":{"rendered":"Dos buques y una draga estaran operando en el Puerto Local"},"content":{"rendered":"<!-- VideographyWP Plugin Message: Automatic video embedding prevented by plugin options. -->\n\n<p>Este martes y mi\u00e9rcoles el puerto de San Pedro contin\u00faa con una gran operativa donde dos buques cargan mercader\u00eda y uno se mantendr\u00e1 en la rada.&nbsp;&nbsp;<\/p>\n\n\n\n<p>RADA OPERATIVA: <br>Nombre del buque: BM STEEL  <br>Bandera: ISLAS MARSHALL <br>Eslora: 184.32 m <br>Procedencia: ROSARIO &#8211; ARGENTINA <br>Arribo estimado: 21-12-21 \u2013 pm <br>Espera de disponibilidad de muelle en San Lorenzo.<\/p>\n\n\n\n<p>Nombre del buque: MARINE PRINCE <br>Bandera: ISLAS MARSHALL <br>IMO: 9621039 <br>Eslora: 179.99 m <br>Procedencia: BRASIL <br>Muelle donde operar\u00e1: Muelle ELEVADOR <br>Atraque estimado: 22-12-21 \u2013 7:00 HS <br>Mercader\u00eda: TRIGO A GRANEL \u2013 30000 TON APROXIMADAMENTE<\/p>\n\n\n\n<p>DRAGA: CAPITAN NU\u00d1EZ 256 C <br>BANDERA:&nbsp; Argentina <br>ESLORA:&nbsp; 146.7 m <br>PROCEDENCIA:&nbsp; Rada Operativa SP <br>MUELLE: Cabecera <br>ARRIBO ESTIMADO:&nbsp; 22-12-21 &#8211; AM <br>PARA REALIZAR TAREAS DE MANTENIMIENTO ABORDO<\/p>\n","protected":false},"excerpt":{"rendered":"<p>Este martes y mi\u00e9rcoles el puerto de San Pedro contin\u00faa con una gran operativa donde dos buques cargan mercader\u00eda y uno se mantendr\u00e1 en la rada.&nbsp;&nbsp; RADA OPERATIVA: Nombre del buque: BM STEEL Bandera: ISLAS MARSHALL Eslora: 184.32 m Procedencia: ROSARIO &#8211; ARGENTINA Arribo estimado: 21-12-21 \u2013 pm Espera de disponibilidad de muelle en San [&hellip;]<\/p>\n","protected":false},"author":4,"featured_media":102407,"comment_status":"closed","ping_status":"closed","sticky":false,"template":"","format":"standard","meta":{"om_disable_all_campaigns":false,"_jetpack_memberships_contains_paid_content":false,"footnotes":""},"categories":[101,2],"tags":[197,2562,696,33,19],"class_list":["post-102406","post","type-post","status-publish","format-standard","has-post-thumbnail","hentry","category-interes-general-locales","category-locales","tag-buenos-aires","tag-dos-buques-y-una-draga-estaran-operando-en-el-puerto-local","tag-interes-general","tag-locales","tag-san-pedro"],"aioseo_notices":[],"gutentor_comment":0,"jetpack_featured_media_url":"https:\/\/eldiariodesanpedro.com.ar\/sitio\/wp-content\/uploads\/2021\/12\/MARINE_PRINCE.jpg","jetpack_shortlink":"https:\/\/wp.me\/p6RhLt-qDI","jetpack_sharing_enabled":true,"_links":{"self":[{"href":"https:\/\/eldiariodesanpedro.com.ar\/sitio\/wp-json\/wp\/v2\/posts\/102406","targetHints":{"allow":["GET"]}}],"collection":[{"href":"https:\/\/eldiariodesanpedro.com.ar\/sitio\/wp-json\/wp\/v2\/posts"}],"about":[{"href":"https:\/\/eldiariodesanpedro.com.ar\/sitio\/wp-json\/wp\/v2\/types\/post"}],"author":[{"embeddable":true,"href":"https:\/\/eldiariodesanpedro.com.ar\/sitio\/wp-json\/wp\/v2\/users\/4"}],"replies":[{"embeddable":true,"href":"https:\/\/eldiariodesanpedro.com.ar\/sitio\/wp-json\/wp\/v2\/comments?post=102406"}],"version-history":[{"count":1,"href":"https:\/\/eldiariodesanpedro.com.ar\/sitio\/wp-json\/wp\/v2\/posts\/102406\/revisions"}],"predecessor-version":[{"id":102408,"href":"https:\/\/eldiariodesanpedro.com.ar\/sitio\/wp-json\/wp\/v2\/posts\/102406\/revisions\/102408"}],"wp:featuredmedia":[{"embeddable":true,"href":"https:\/\/eldiariodesanpedro.com.ar\/sitio\/wp-json\/wp\/v2\/media\/102407"}],"wp:attachment":[{"href":"https:\/\/eldiariodesanpedro.com.ar\/sitio\/wp-json\/wp\/v2\/media?parent=102406"}],"wp:term":[{"taxonomy":"category","embeddable":true,"href":"https:\/\/eldiariodesanpedro.com.ar\/sitio\/wp-json\/wp\/v2\/categories?post=102406"},{"taxonomy":"post_tag","embeddable":true,"href":"https:\/\/eldiariodesanpedro.com.ar\/sitio\/wp-json\/wp\/v2\/tags?post=102406"}],"curies":[{"name":"wp","href":"https:\/\/api.w.org\/{rel}","templated":true}]}}