{"id":102397,"date":"2021-12-21T17:45:35","date_gmt":"2021-12-21T20:45:35","guid":{"rendered":"https:\/\/eldiariodesanpedro.com.ar\/sitio\/?p=102397"},"modified":"2021-12-21T17:45:37","modified_gmt":"2021-12-21T20:45:37","slug":"edicto-de-usucapion-cassino-maria-laura-c-spallina-cayetano-y-fernandez-augusto-fernando-s-prescripcion-adquisitiva-larga","status":"publish","type":"post","link":"https:\/\/eldiariodesanpedro.com.ar\/sitio\/edicto-de-usucapion-cassino-maria-laura-c-spallina-cayetano-y-fernandez-augusto-fernando-s-prescripcion-adquisitiva-larga\/","title":{"rendered":"Edicto de Usucapi\u00f3n Cassino Mar\u00eda Laura c\/ Spallina Cayetano y Fern\u00e1ndez Augusto Fernando s\/ Prescripci\u00f3n Adquisitiva Larga"},"content":{"rendered":"<!-- VideographyWP Plugin Message: Automatic video embedding prevented by plugin options. -->\n\n<p>El Juzgado de Paz Letrado de Baradero, Secretar\u00eda Unica, Dpto. Judicial de San Nicol\u00e1s, en autos: <strong>\u201dCassino Mar\u00eda Laura c\/ Spallina Cayetano y Fern\u00e1ndez Augusto Fernando s\/ Prescripci\u00f3n Adquisitiva Larga\u201d<\/strong> (Exp. 40907-20) cita y emplaza al codemandado Augusto Fernando Fern\u00e1ndez o Augusto Fernando Hern\u00e1ndez y\/o su\/s heredero\/s y\/o a quien\/es se considere\/n con derechos sobre los inmuebles sitos en la s calles Jun\u00edn y Andrade de la ciudad de Baradero, cuya Nomenclatura catastral de origen son: Circ. 2, Sec. A, Qta. 33, Manz. 33 b; Parc. 9 y 10, partidas inmobiliarias n\u00ba 009-014028-0 y n\u00ba 009-014029-9 (seg\u00fan plano de posesi\u00f3n n\u00ba 9-54-2012 se designa catastralmente como Circ. 2, Sec. A, Qta. 33, Manz. 33 b, Parc. 9a), para que dentro del plazo de diez d\u00edas comparezcan a estar a derecho y contestar demanda, bajo apercibimiento de designarse un Defensor Oficial de Ausentes que lo\/s represente.- Baradero, 15 de diciembre de 2021.-<\/p>\n\n\n\n<p>ESTEBAN OMAR PERUSINA <br>ABOGADO SECRETARIO <\/p>\n\n\n\n<p>(Publicaci\u00f3n v\u00e1lida los d\u00edas 21 y 22 de diciembre de 2021)<br><a rel=\"noreferrer noopener\" href=\"https:\/\/notificaciones.scba.gov.ar\/verificarnotificacion.aspx?codNotif=NV6UD1\" target=\"_blank\">https:\/\/notificaciones.scba.gov.ar\/verificarnotificacion.aspx?codNotif=NV6UD1<\/a><\/p>\n","protected":false},"excerpt":{"rendered":"<p>El Juzgado de Paz Letrado de Baradero, Secretar\u00eda Unica, Dpto. Judicial de San Nicol\u00e1s, en autos: \u201dCassino Mar\u00eda Laura c\/ Spallina Cayetano y Fern\u00e1ndez Augusto Fernando s\/ Prescripci\u00f3n Adquisitiva Larga\u201d (Exp. 40907-20) cita y emplaza al codemandado Augusto Fernando Fern\u00e1ndez o Augusto Fernando Hern\u00e1ndez y\/o su\/s heredero\/s y\/o a quien\/es se considere\/n con derechos sobre [&hellip;]<\/p>\n","protected":false},"author":4,"featured_media":81115,"comment_status":"closed","ping_status":"closed","sticky":false,"template":"","format":"standard","meta":{"om_disable_all_campaigns":false,"_jetpack_memberships_contains_paid_content":false,"footnotes":""},"categories":[676,1124],"tags":[197,1121,2559,1355,33,19],"class_list":["post-102397","post","type-post","status-publish","format-standard","has-post-thumbnail","hentry","category-edictos","category-edictos-especiales","tag-buenos-aires","tag-edicto","tag-edicto-de-usucapion-cassino-maria-laura-c-spallina-cayetano-y-fernandez-augusto-fernando-s-prescripcion-adquisitiva-larga","tag-judiciales","tag-locales","tag-san-pedro"],"aioseo_notices":[],"gutentor_comment":0,"jetpack_featured_media_url":"https:\/\/eldiariodesanpedro.com.ar\/sitio\/wp-content\/uploads\/2020\/09\/Poder-Judicial.jpg","jetpack_shortlink":"https:\/\/wp.me\/p6RhLt-qDz","jetpack_sharing_enabled":true,"_links":{"self":[{"href":"https:\/\/eldiariodesanpedro.com.ar\/sitio\/wp-json\/wp\/v2\/posts\/102397","targetHints":{"allow":["GET"]}}],"collection":[{"href":"https:\/\/eldiariodesanpedro.com.ar\/sitio\/wp-json\/wp\/v2\/posts"}],"about":[{"href":"https:\/\/eldiariodesanpedro.com.ar\/sitio\/wp-json\/wp\/v2\/types\/post"}],"author":[{"embeddable":true,"href":"https:\/\/eldiariodesanpedro.com.ar\/sitio\/wp-json\/wp\/v2\/users\/4"}],"replies":[{"embeddable":true,"href":"https:\/\/eldiariodesanpedro.com.ar\/sitio\/wp-json\/wp\/v2\/comments?post=102397"}],"version-history":[{"count":1,"href":"https:\/\/eldiariodesanpedro.com.ar\/sitio\/wp-json\/wp\/v2\/posts\/102397\/revisions"}],"predecessor-version":[{"id":102398,"href":"https:\/\/eldiariodesanpedro.com.ar\/sitio\/wp-json\/wp\/v2\/posts\/102397\/revisions\/102398"}],"wp:featuredmedia":[{"embeddable":true,"href":"https:\/\/eldiariodesanpedro.com.ar\/sitio\/wp-json\/wp\/v2\/media\/81115"}],"wp:attachment":[{"href":"https:\/\/eldiariodesanpedro.com.ar\/sitio\/wp-json\/wp\/v2\/media?parent=102397"}],"wp:term":[{"taxonomy":"category","embeddable":true,"href":"https:\/\/eldiariodesanpedro.com.ar\/sitio\/wp-json\/wp\/v2\/categories?post=102397"},{"taxonomy":"post_tag","embeddable":true,"href":"https:\/\/eldiariodesanpedro.com.ar\/sitio\/wp-json\/wp\/v2\/tags?post=102397"}],"curies":[{"name":"wp","href":"https:\/\/api.w.org\/{rel}","templated":true}]}}