{"id":102392,"date":"2021-12-21T15:07:55","date_gmt":"2021-12-21T18:07:55","guid":{"rendered":"https:\/\/eldiariodesanpedro.com.ar\/sitio\/?p=102392"},"modified":"2021-12-21T15:07:57","modified_gmt":"2021-12-21T18:07:57","slug":"denuncio-un-ciudadano-que-sufrio-un-intento-de-incendio-intencional","status":"publish","type":"post","link":"https:\/\/eldiariodesanpedro.com.ar\/sitio\/denuncio-un-ciudadano-que-sufrio-un-intento-de-incendio-intencional\/","title":{"rendered":"Denunci\u00f3 un ciudadano que sufri\u00f3 un intento de incendio intencional"},"content":{"rendered":"<!-- VideographyWP Plugin Message: Automatic video embedding prevented by plugin options. -->\n\n<p>Este lunes siendo las 10 horas, un ciudadano de 61 a\u00f1os de edad realiz\u00f3 una denuncia en la comisar\u00eda local que el pasado d\u00eda s\u00e1bado alrededor de las 02:45 horas de la madrugada&nbsp; se encontraba durmiendo en la vivienda ubicada calle La laguna 500, cuando da cuenta que su sill\u00f3n y puerta vivienda se encontraba incendiando, logrando apagar el incendio y limpiando el lugar.&nbsp;<\/p>\n\n\n\n<p>Asegura intencionalidad sin fundar sospechas.<\/p>\n","protected":false},"excerpt":{"rendered":"<p>Este lunes siendo las 10 horas, un ciudadano de 61 a\u00f1os de edad realiz\u00f3 una denuncia en la comisar\u00eda local que el pasado d\u00eda s\u00e1bado alrededor de las 02:45 horas de la madrugada&nbsp; se encontraba durmiendo en la vivienda ubicada calle La laguna 500, cuando da cuenta que su sill\u00f3n y puerta vivienda se encontraba [&hellip;]<\/p>\n","protected":false},"author":4,"featured_media":45394,"comment_status":"closed","ping_status":"closed","sticky":false,"template":"","format":"standard","meta":{"om_disable_all_campaigns":false,"_jetpack_memberships_contains_paid_content":false,"footnotes":""},"categories":[2,103],"tags":[197,33,95,19],"class_list":["post-102392","post","type-post","status-publish","format-standard","has-post-thumbnail","hentry","category-locales","category-policiales-locales","tag-buenos-aires","tag-locales","tag-policiales","tag-san-pedro"],"aioseo_notices":[],"gutentor_comment":0,"jetpack_featured_media_url":"https:\/\/eldiariodesanpedro.com.ar\/sitio\/wp-content\/uploads\/2019\/01\/comisaria.jpg","jetpack_shortlink":"https:\/\/wp.me\/p6RhLt-qDu","jetpack_sharing_enabled":true,"_links":{"self":[{"href":"https:\/\/eldiariodesanpedro.com.ar\/sitio\/wp-json\/wp\/v2\/posts\/102392","targetHints":{"allow":["GET"]}}],"collection":[{"href":"https:\/\/eldiariodesanpedro.com.ar\/sitio\/wp-json\/wp\/v2\/posts"}],"about":[{"href":"https:\/\/eldiariodesanpedro.com.ar\/sitio\/wp-json\/wp\/v2\/types\/post"}],"author":[{"embeddable":true,"href":"https:\/\/eldiariodesanpedro.com.ar\/sitio\/wp-json\/wp\/v2\/users\/4"}],"replies":[{"embeddable":true,"href":"https:\/\/eldiariodesanpedro.com.ar\/sitio\/wp-json\/wp\/v2\/comments?post=102392"}],"version-history":[{"count":1,"href":"https:\/\/eldiariodesanpedro.com.ar\/sitio\/wp-json\/wp\/v2\/posts\/102392\/revisions"}],"predecessor-version":[{"id":102393,"href":"https:\/\/eldiariodesanpedro.com.ar\/sitio\/wp-json\/wp\/v2\/posts\/102392\/revisions\/102393"}],"wp:featuredmedia":[{"embeddable":true,"href":"https:\/\/eldiariodesanpedro.com.ar\/sitio\/wp-json\/wp\/v2\/media\/45394"}],"wp:attachment":[{"href":"https:\/\/eldiariodesanpedro.com.ar\/sitio\/wp-json\/wp\/v2\/media?parent=102392"}],"wp:term":[{"taxonomy":"category","embeddable":true,"href":"https:\/\/eldiariodesanpedro.com.ar\/sitio\/wp-json\/wp\/v2\/categories?post=102392"},{"taxonomy":"post_tag","embeddable":true,"href":"https:\/\/eldiariodesanpedro.com.ar\/sitio\/wp-json\/wp\/v2\/tags?post=102392"}],"curies":[{"name":"wp","href":"https:\/\/api.w.org\/{rel}","templated":true}]}}