{"id":102384,"date":"2021-12-21T14:30:28","date_gmt":"2021-12-21T17:30:28","guid":{"rendered":"https:\/\/eldiariodesanpedro.com.ar\/sitio\/?p=102384"},"modified":"2021-12-21T14:30:29","modified_gmt":"2021-12-21T17:30:29","slug":"coronavirus-este-martes-14-positivos-y-61-negativos-los-activos-81","status":"publish","type":"post","link":"https:\/\/eldiariodesanpedro.com.ar\/sitio\/coronavirus-este-martes-14-positivos-y-61-negativos-los-activos-81\/","title":{"rendered":"Coronavirus: Este martes 14 positivos y 61 negativos, los activos 81"},"content":{"rendered":"<!-- VideographyWP Plugin Message: Automatic video embedding prevented by plugin options. -->\n\n<p>La Secretar\u00eda de Salud de la Municipalidad de San Pedro brinda el informe que acompa\u00f1a la placa del d\u00eda de la fecha, en el seguimiento de la Pandemia de Covid-19.<\/p>\n\n\n\n<p>Se recibieron del Laboratorio Centralab los resultados de los \u00faltimos env\u00edos de muestras con 2 resultados positivos, y se confirmaron 12 resultados positivos a trav\u00e9s de los testeos r\u00e1pidos que se realizan en el Laboratorio del Hospital, totalizando 14 resultados positivos.<\/p>\n\n\n\n<p>Sobre el resto de las muestras recibidas, el Laboratorio Centralab inform\u00f3 4 resultados negativos. Desde el Laboratorio del Hospital, se informaron 57 testeos r\u00e1pidos negativos, totalizando 61 resultados negativos.<\/p>\n\n\n\n<p>Los positivos est\u00e1n divididos en:<\/p>\n\n\n\n<ul class=\"wp-block-list\"><li>Centralab:<\/li><li>1 mujer de 20 a\u00f1os.<\/li><li>1 hombre de 40 a\u00f1os.<\/li><li>Laboratorio del Hospital:<\/li><li>1 hombre de 65 a\u00f1os.<\/li><li>11 mujeres de 18, 20, 25, 30, 33, 35, 37, 53, 61, 64 y 84 a\u00f1os.<\/li><li>Se incorpora a la estad\u00edstica oficial 6 altas.<\/li><li>No se enviaron nuevas muestras.<\/li><li>Informamos el fallecimiento de un hombre de 45 a\u00f1os con Covid-19 positivo que se encontraba internado en la Unidad de Terapia Intensiva del Hospital. Compartimos las condolencias con sus familiares y amigos.<\/li><\/ul>\n\n\n\n<p>Resumen actualizado de informaci\u00f3n oficial <br>Positivos desde el inicio de la Pandemia: 6374 <br>Activos: 81 <br>Recuperados: 6052  <br>Fallecidos: 241 <br>Negativos desde el inicio de la Pandemia: 14822<\/p>\n\n\n\n<p>Los datos consignados en este informe corresponden a casos analizados a trav\u00e9s de hisopados realizados en el \u00abC.C.19\u00bb analizados por el Laboratorio Centralab y testeos r\u00e1pidos efectuados en el Laboratorio del Hospital.<\/p>\n\n\n\n<p>&#x1f449; Usar tapabocas.<br>&#x1f449; Mantener la distancia m\u00ednima de 2 metros.<br>&#x1f449; Extremar la higiene de los espacios.<br>&#x1f449; Mantener las manos limpias.<\/p>\n\n\n\n<p>Se recuerda que, ante s\u00edntomas de tos seca, fiebre y dolor de garganta se puede llamar al 148 o 107<\/p>\n\n\n\n<p>Atenci\u00f3n y seguimiento COVID-19<\/p>\n\n\n\n<p>Centro de Asesoramiento y Atenci\u00f3n M\u00e9dica<br>(Ex Consultorios Amarillos)<br>Ituzaing\u00f3 979<br>Lunes a viernes de 7.30 a 13.30 hs.<\/p>\n\n\n\n<p>L\u00ednea COVID<br>Para seguimiento y consultas<br>3329 315000 (llamadas o WhatsApp)<br>Lunes a viernes de 7.30 a 13.30 hs.<\/p>\n\n\n\n<p>Emergencias todos los d\u00edas, las 24 hs. \u2013 107<\/p>\n","protected":false},"excerpt":{"rendered":"<p>La Secretar\u00eda de Salud de la Municipalidad de San Pedro brinda el informe que acompa\u00f1a la placa del d\u00eda de la fecha, en el seguimiento de la Pandemia de Covid-19. Se recibieron del Laboratorio Centralab los resultados de los \u00faltimos env\u00edos de muestras con 2 resultados positivos, y se confirmaron 12 resultados positivos a trav\u00e9s [&hellip;]<\/p>\n","protected":false},"author":4,"featured_media":75824,"comment_status":"closed","ping_status":"closed","sticky":false,"template":"","format":"standard","meta":{"om_disable_all_campaigns":false,"_jetpack_memberships_contains_paid_content":false,"footnotes":""},"categories":[50,101,2],"tags":[],"class_list":["post-102384","post","type-post","status-publish","format-standard","has-post-thumbnail","hentry","category-destacadas","category-interes-general-locales","category-locales"],"aioseo_notices":[],"gutentor_comment":0,"jetpack_featured_media_url":"https:\/\/eldiariodesanpedro.com.ar\/sitio\/wp-content\/uploads\/2020\/06\/coronavirus-2_124fd4e7k7j5f1lzjl9z2tf65c.jpg","jetpack_shortlink":"https:\/\/wp.me\/p6RhLt-qDm","jetpack_sharing_enabled":true,"_links":{"self":[{"href":"https:\/\/eldiariodesanpedro.com.ar\/sitio\/wp-json\/wp\/v2\/posts\/102384","targetHints":{"allow":["GET"]}}],"collection":[{"href":"https:\/\/eldiariodesanpedro.com.ar\/sitio\/wp-json\/wp\/v2\/posts"}],"about":[{"href":"https:\/\/eldiariodesanpedro.com.ar\/sitio\/wp-json\/wp\/v2\/types\/post"}],"author":[{"embeddable":true,"href":"https:\/\/eldiariodesanpedro.com.ar\/sitio\/wp-json\/wp\/v2\/users\/4"}],"replies":[{"embeddable":true,"href":"https:\/\/eldiariodesanpedro.com.ar\/sitio\/wp-json\/wp\/v2\/comments?post=102384"}],"version-history":[{"count":1,"href":"https:\/\/eldiariodesanpedro.com.ar\/sitio\/wp-json\/wp\/v2\/posts\/102384\/revisions"}],"predecessor-version":[{"id":102385,"href":"https:\/\/eldiariodesanpedro.com.ar\/sitio\/wp-json\/wp\/v2\/posts\/102384\/revisions\/102385"}],"wp:featuredmedia":[{"embeddable":true,"href":"https:\/\/eldiariodesanpedro.com.ar\/sitio\/wp-json\/wp\/v2\/media\/75824"}],"wp:attachment":[{"href":"https:\/\/eldiariodesanpedro.com.ar\/sitio\/wp-json\/wp\/v2\/media?parent=102384"}],"wp:term":[{"taxonomy":"category","embeddable":true,"href":"https:\/\/eldiariodesanpedro.com.ar\/sitio\/wp-json\/wp\/v2\/categories?post=102384"},{"taxonomy":"post_tag","embeddable":true,"href":"https:\/\/eldiariodesanpedro.com.ar\/sitio\/wp-json\/wp\/v2\/tags?post=102384"}],"curies":[{"name":"wp","href":"https:\/\/api.w.org\/{rel}","templated":true}]}}