{"id":102380,"date":"2021-12-21T14:24:44","date_gmt":"2021-12-21T17:24:44","guid":{"rendered":"https:\/\/eldiariodesanpedro.com.ar\/sitio\/?p=102380"},"modified":"2021-12-21T14:24:45","modified_gmt":"2021-12-21T17:24:45","slug":"reconocimientos-a-sampedrinos-en-la-inauguracion-del-colegio-de-martilleros","status":"publish","type":"post","link":"https:\/\/eldiariodesanpedro.com.ar\/sitio\/reconocimientos-a-sampedrinos-en-la-inauguracion-del-colegio-de-martilleros\/","title":{"rendered":"Reconocimientos a sampedrinos en la inauguraci\u00f3n del Colegio de Martilleros"},"content":{"rendered":"<!-- VideographyWP Plugin Message: Automatic video embedding prevented by plugin options. -->\n\n<p>El Colegio de San Nicol\u00e1s cumpli\u00f3 recientemente 60 a\u00f1os y su nueva sede se encuentra en la calle Chacabuco 23 de esa ciudad. Con esta ampliaci\u00f3n, podr\u00e1 brindar una mayor y mejor atenci\u00f3n a la interacci\u00f3n permanente que realiza con todos las c\u00e1maras que son parte de su jurisdicci\u00f3n que comprende.<\/p>\n\n\n\n<p>Representantes de la recientemente constituida comisi\u00f3n directiva de la C\u00e1mara de Martilleros y Corredores P\u00fablicos de San Pedro, participaron del acto de inauguraci\u00f3n de la nueva sede del Colegio Departamental de Martilleros y Corredores P\u00fablicos de San Nicol\u00e1s, que constituye la cabecera de la regi\u00f3n.<\/p>\n\n\n\n<p>Los martilleros sampedrinos Pedro Navines, Jos\u00e9 Cremona, Noem\u00ed Bordoy, Hugo Frangi, Marta Hidalgo, Sergio\u00a0Churruar\u00edn, Carlos Luzzi, Sandra Gerard y Gustavo Gonz\u00e1lez Truyols concurrieron a la ceremonia y acompa\u00f1aron al presidente de la entidad anfitriona Germ\u00e1n Crigna y al presidente del Colegio de la Provincia de Buenos Aires, Juan Carlos Donsanto, junto a otros representantes del sector de toda la zona.<\/p>\n\n\n\n<p><strong>En este acto fueron reconocidos por sus 25 a\u00f1os en la actividad ininterrumpida, los martilleros sampedrinos Carlos Luzzi y Daniel Churruar\u00edn.<\/strong><\/p>\n\n\n\n<p>El Colegio de San Nicol\u00e1s cumpli\u00f3 recientemente 60 a\u00f1os y su nueva sede se encuentra en la calle Chacabuco 23 de esa ciudad. Con esta ampliaci\u00f3n,&nbsp;podr\u00e1 brindar una mayor y mejor atenci\u00f3n a la interacci\u00f3n permanente que realiza con todos las c\u00e1maras que son parte de su jurisdicci\u00f3n que comprende a Baradero, San Pedro, Ramallo Pueblo, Villa Ramallo, P\u00e9rez Mill\u00e1n, Arrecifes, Capit\u00e1n Sarmiento y la ciudad cabecera.<\/p>\n","protected":false},"excerpt":{"rendered":"<p>El Colegio de San Nicol\u00e1s cumpli\u00f3 recientemente 60 a\u00f1os y su nueva sede se encuentra en la calle Chacabuco 23 de esa ciudad. Con esta ampliaci\u00f3n, podr\u00e1 brindar una mayor y mejor atenci\u00f3n a la interacci\u00f3n permanente que realiza con todos las c\u00e1maras que son parte de su jurisdicci\u00f3n que comprende. Representantes de la recientemente [&hellip;]<\/p>\n","protected":false},"author":4,"featured_media":102381,"comment_status":"closed","ping_status":"closed","sticky":false,"template":"","format":"standard","meta":{"om_disable_all_campaigns":false,"_jetpack_memberships_contains_paid_content":false,"footnotes":""},"categories":[101,2],"tags":[197,696,33,19],"class_list":["post-102380","post","type-post","status-publish","format-standard","has-post-thumbnail","hentry","category-interes-general-locales","category-locales","tag-buenos-aires","tag-interes-general","tag-locales","tag-san-pedro"],"aioseo_notices":[],"gutentor_comment":0,"jetpack_featured_media_url":"https:\/\/eldiariodesanpedro.com.ar\/sitio\/wp-content\/uploads\/2021\/12\/0000020570-resized-1920x1080-1.jpg","jetpack_shortlink":"https:\/\/wp.me\/p6RhLt-qDi","jetpack_sharing_enabled":true,"_links":{"self":[{"href":"https:\/\/eldiariodesanpedro.com.ar\/sitio\/wp-json\/wp\/v2\/posts\/102380","targetHints":{"allow":["GET"]}}],"collection":[{"href":"https:\/\/eldiariodesanpedro.com.ar\/sitio\/wp-json\/wp\/v2\/posts"}],"about":[{"href":"https:\/\/eldiariodesanpedro.com.ar\/sitio\/wp-json\/wp\/v2\/types\/post"}],"author":[{"embeddable":true,"href":"https:\/\/eldiariodesanpedro.com.ar\/sitio\/wp-json\/wp\/v2\/users\/4"}],"replies":[{"embeddable":true,"href":"https:\/\/eldiariodesanpedro.com.ar\/sitio\/wp-json\/wp\/v2\/comments?post=102380"}],"version-history":[{"count":1,"href":"https:\/\/eldiariodesanpedro.com.ar\/sitio\/wp-json\/wp\/v2\/posts\/102380\/revisions"}],"predecessor-version":[{"id":102382,"href":"https:\/\/eldiariodesanpedro.com.ar\/sitio\/wp-json\/wp\/v2\/posts\/102380\/revisions\/102382"}],"wp:featuredmedia":[{"embeddable":true,"href":"https:\/\/eldiariodesanpedro.com.ar\/sitio\/wp-json\/wp\/v2\/media\/102381"}],"wp:attachment":[{"href":"https:\/\/eldiariodesanpedro.com.ar\/sitio\/wp-json\/wp\/v2\/media?parent=102380"}],"wp:term":[{"taxonomy":"category","embeddable":true,"href":"https:\/\/eldiariodesanpedro.com.ar\/sitio\/wp-json\/wp\/v2\/categories?post=102380"},{"taxonomy":"post_tag","embeddable":true,"href":"https:\/\/eldiariodesanpedro.com.ar\/sitio\/wp-json\/wp\/v2\/tags?post=102380"}],"curies":[{"name":"wp","href":"https:\/\/api.w.org\/{rel}","templated":true}]}}