{"id":10238,"date":"2016-11-15T13:35:47","date_gmt":"2016-11-15T16:35:47","guid":{"rendered":"https:\/\/eldiariodesanpedro.com.ar\/sitio\/?p=10238"},"modified":"2016-11-15T17:50:40","modified_gmt":"2016-11-15T20:50:40","slug":"comunicado-del-local-donde-fue-asesinado-el-joven","status":"publish","type":"post","link":"https:\/\/eldiariodesanpedro.com.ar\/sitio\/comunicado-del-local-donde-fue-asesinado-el-joven\/","title":{"rendered":"Comunicado del local donde fue asesinado el joven"},"content":{"rendered":"<p><!-- VideographyWP Plugin Message: Automatic video embedding prevented by plugin options. --><br \/>\nEn horas del medio d\u00eda de hoy a trav\u00e9s de su cuenta de Facebook del local bailable Napole dieron a un comunidado los responsables del lugar Federico Gonz\u00e1lez y Alejandro Picornell, quienes agradecen el apoyo de las personas con ellos y con el lugar.<br \/>\n<a href=\"https:\/\/eldiariodesanpedro.com.ar\/sitio\/wp-content\/uploads\/2016\/11\/22.jpg\"><img decoding=\"async\" data-attachment-id=\"10244\" data-permalink=\"https:\/\/eldiariodesanpedro.com.ar\/sitio\/comunicado-del-local-donde-fue-asesinado-el-joven\/attachment\/22\/\" data-orig-file=\"https:\/\/eldiariodesanpedro.com.ar\/sitio\/wp-content\/uploads\/2016\/11\/22.jpg\" data-orig-size=\"1658,1411\" data-comments-opened=\"1\" data-image-meta=\"{&quot;aperture&quot;:&quot;0&quot;,&quot;credit&quot;:&quot;Fernando Bettendorff&quot;,&quot;camera&quot;:&quot;&quot;,&quot;caption&quot;:&quot;&quot;,&quot;created_timestamp&quot;:&quot;1479232148&quot;,&quot;copyright&quot;:&quot;&quot;,&quot;focal_length&quot;:&quot;0&quot;,&quot;iso&quot;:&quot;0&quot;,&quot;shutter_speed&quot;:&quot;0&quot;,&quot;title&quot;:&quot;&quot;,&quot;orientation&quot;:&quot;0&quot;}\" data-image-title=\"22\" data-image-description=\"\" data-image-caption=\"\" data-large-file=\"https:\/\/eldiariodesanpedro.com.ar\/sitio\/wp-content\/uploads\/2016\/11\/22-1024x871.jpg\" class=\"alignnone  wp-image-10244 lazyload\" data-src=\"https:\/\/eldiariodesanpedro.com.ar\/sitio\/wp-content\/uploads\/2016\/11\/22-300x255.jpg\" alt=\"22\" width=\"1004\" height=\"853\" data-srcset=\"https:\/\/eldiariodesanpedro.com.ar\/sitio\/wp-content\/uploads\/2016\/11\/22-300x255.jpg 300w, https:\/\/eldiariodesanpedro.com.ar\/sitio\/wp-content\/uploads\/2016\/11\/22-1024x871.jpg 1024w, https:\/\/eldiariodesanpedro.com.ar\/sitio\/wp-content\/uploads\/2016\/11\/22.jpg 1658w\" data-sizes=\"(max-width: 1004px) 100vw, 1004px\" src=\"data:image\/svg+xml;base64,PHN2ZyB3aWR0aD0iMSIgaGVpZ2h0PSIxIiB4bWxucz0iaHR0cDovL3d3dy53My5vcmcvMjAwMC9zdmciPjwvc3ZnPg==\" style=\"--smush-placeholder-width: 1004px; --smush-placeholder-aspect-ratio: 1004\/853;\" \/><\/a><\/p>\n<p>Lamentablemente el comunicado no habla del hecho en s\u00ed mismo, ya que en las \u00faltimas horas el fiscal en una charla con El Diario de San Pedro al igual que con otros medios de comunicaci\u00f3n ponen en conocimiento que el hecho si tuvo lugar dentro del local bailable y habr\u00edan intentado limpiar rastros de sangre dentro del mismo, adem\u00e1s que entre las 18 personas que habr\u00edan declarado se encontrarian varios menores de edad los cuales no podr\u00edan haber ingresado y tambi\u00e9n seg\u00fan declaraciones la mayor\u00eda de ellos no fueron revisados al ingresar.<\/p>\n<p>Teniendo en cuenta que el d\u00eda de ayer el abogado el Dr. Gugger quien representa a los propietarios del lugar nos dijo en una entrevista con este medio que la seguridad del lugar habr\u00eda sido capacitada y preparada para realizar dicha labor seg\u00fan las leyes de nocturnidad pero pareciera ser que durante esa noche habr\u00eda funcionado ning\u00fan control ya que perdi\u00f3 la vida una persona y podr\u00edan haber sido m\u00e1s teniendo en cuenta que se supone que habr\u00edan otras armas en la ri\u00f1a.<\/p>\n<p>Esto nos lleva a pensar que las personas que se encargaban de controlar el ingreso o la seguridad de sus clientes dentro del establecimiento no estaban capacitadas para esa labor.<\/p>\n","protected":false},"excerpt":{"rendered":"<p>En horas del medio d\u00eda de hoy a trav\u00e9s de su cuenta de Facebook del local bailable Napole dieron a un comunidado los responsables del lugar Federico Gonz\u00e1lez y Alejandro Picornell, quienes agradecen el apoyo de las personas con ellos y con el lugar. Lamentablemente el comunicado no habla del hecho en s\u00ed mismo, ya [&hellip;]<\/p>\n","protected":false},"author":4,"featured_media":10159,"comment_status":"open","ping_status":"closed","sticky":false,"template":"","format":"standard","meta":{"om_disable_all_campaigns":false,"_jetpack_memberships_contains_paid_content":false,"footnotes":""},"categories":[50,2,103],"tags":[],"class_list":["post-10238","post","type-post","status-publish","format-standard","has-post-thumbnail","hentry","category-destacadas","category-locales","category-policiales-locales"],"aioseo_notices":[],"gutentor_comment":0,"jetpack_featured_media_url":"https:\/\/eldiariodesanpedro.com.ar\/sitio\/wp-content\/uploads\/2016\/11\/IMG-20161114-WA0000.jpg","jetpack_shortlink":"https:\/\/wp.me\/p6RhLt-2F8","jetpack_sharing_enabled":true,"_links":{"self":[{"href":"https:\/\/eldiariodesanpedro.com.ar\/sitio\/wp-json\/wp\/v2\/posts\/10238","targetHints":{"allow":["GET"]}}],"collection":[{"href":"https:\/\/eldiariodesanpedro.com.ar\/sitio\/wp-json\/wp\/v2\/posts"}],"about":[{"href":"https:\/\/eldiariodesanpedro.com.ar\/sitio\/wp-json\/wp\/v2\/types\/post"}],"author":[{"embeddable":true,"href":"https:\/\/eldiariodesanpedro.com.ar\/sitio\/wp-json\/wp\/v2\/users\/4"}],"replies":[{"embeddable":true,"href":"https:\/\/eldiariodesanpedro.com.ar\/sitio\/wp-json\/wp\/v2\/comments?post=10238"}],"version-history":[{"count":5,"href":"https:\/\/eldiariodesanpedro.com.ar\/sitio\/wp-json\/wp\/v2\/posts\/10238\/revisions"}],"predecessor-version":[{"id":10246,"href":"https:\/\/eldiariodesanpedro.com.ar\/sitio\/wp-json\/wp\/v2\/posts\/10238\/revisions\/10246"}],"wp:featuredmedia":[{"embeddable":true,"href":"https:\/\/eldiariodesanpedro.com.ar\/sitio\/wp-json\/wp\/v2\/media\/10159"}],"wp:attachment":[{"href":"https:\/\/eldiariodesanpedro.com.ar\/sitio\/wp-json\/wp\/v2\/media?parent=10238"}],"wp:term":[{"taxonomy":"category","embeddable":true,"href":"https:\/\/eldiariodesanpedro.com.ar\/sitio\/wp-json\/wp\/v2\/categories?post=10238"},{"taxonomy":"post_tag","embeddable":true,"href":"https:\/\/eldiariodesanpedro.com.ar\/sitio\/wp-json\/wp\/v2\/tags?post=10238"}],"curies":[{"name":"wp","href":"https:\/\/api.w.org\/{rel}","templated":true}]}}