{"id":102377,"date":"2021-12-21T12:22:43","date_gmt":"2021-12-21T15:22:43","guid":{"rendered":"https:\/\/eldiariodesanpedro.com.ar\/sitio\/?p=102377"},"modified":"2021-12-21T12:22:45","modified_gmt":"2021-12-21T15:22:45","slug":"robaron-herramientas-de-una-camioneta-de-la-empresa-personal-y-fueron-recuperadas-en-allanamiento","status":"publish","type":"post","link":"https:\/\/eldiariodesanpedro.com.ar\/sitio\/robaron-herramientas-de-una-camioneta-de-la-empresa-personal-y-fueron-recuperadas-en-allanamiento\/","title":{"rendered":"Robaron herramientas de una camioneta de la empresa Personal y fueron recuperadas en allanamiento"},"content":{"rendered":"<!-- VideographyWP Plugin Message: Automatic video embedding prevented by plugin options. -->\n\n<p>Este lunes, siendo las 15:15 hs denunci\u00f3 un ciudadano de 39 a\u00f1os en la comisar\u00eda local, que desde el interior de su veh\u00edculo de la empresa \u201cpersonal\u201d constata que ignorados, sin ejercer violencia le sustraen herramientas estacionado en el predio de la firma que posee en calle Frers de esta ciudad.&nbsp;<\/p>\n\n\n\n<p>El Personal del gabinete criminol\u00f3gico de la comisar\u00eda al tomar conocimiento de denuncia, realizada tareas investigativas y r\u00e1pido accionar, dan cumplimiento a diligencia de allanamiento urgencia, en calle Almafuerte al. 270, autorizada por UFI Nro. 07.&nbsp;&nbsp;<\/p>\n\n\n\n<p>En el lugar se secuestraron las herramientas sustra\u00eddas, y una mujer de 19 a\u00f1os de edad moradora del lugar qued\u00f3 imputada del delito de encubrimiento.<\/p>\n","protected":false},"excerpt":{"rendered":"<p>Este lunes, siendo las 15:15 hs denunci\u00f3 un ciudadano de 39 a\u00f1os en la comisar\u00eda local, que desde el interior de su veh\u00edculo de la empresa \u201cpersonal\u201d constata que ignorados, sin ejercer violencia le sustraen herramientas estacionado en el predio de la firma que posee en calle Frers de esta ciudad.&nbsp; El Personal del gabinete [&hellip;]<\/p>\n","protected":false},"author":4,"featured_media":102378,"comment_status":"closed","ping_status":"closed","sticky":false,"template":"","format":"standard","meta":{"om_disable_all_campaigns":false,"_jetpack_memberships_contains_paid_content":false,"footnotes":""},"categories":[50,2,103],"tags":[197,696,33,95,19],"class_list":["post-102377","post","type-post","status-publish","format-standard","has-post-thumbnail","hentry","category-destacadas","category-locales","category-policiales-locales","tag-buenos-aires","tag-interes-general","tag-locales","tag-policiales","tag-san-pedro"],"aioseo_notices":[],"gutentor_comment":0,"jetpack_featured_media_url":"https:\/\/eldiariodesanpedro.com.ar\/sitio\/wp-content\/uploads\/2021\/12\/WhatsApp-Image-2021-12-21-at-11.15.47.jpeg","jetpack_shortlink":"https:\/\/wp.me\/p6RhLt-qDf","jetpack_sharing_enabled":true,"_links":{"self":[{"href":"https:\/\/eldiariodesanpedro.com.ar\/sitio\/wp-json\/wp\/v2\/posts\/102377","targetHints":{"allow":["GET"]}}],"collection":[{"href":"https:\/\/eldiariodesanpedro.com.ar\/sitio\/wp-json\/wp\/v2\/posts"}],"about":[{"href":"https:\/\/eldiariodesanpedro.com.ar\/sitio\/wp-json\/wp\/v2\/types\/post"}],"author":[{"embeddable":true,"href":"https:\/\/eldiariodesanpedro.com.ar\/sitio\/wp-json\/wp\/v2\/users\/4"}],"replies":[{"embeddable":true,"href":"https:\/\/eldiariodesanpedro.com.ar\/sitio\/wp-json\/wp\/v2\/comments?post=102377"}],"version-history":[{"count":1,"href":"https:\/\/eldiariodesanpedro.com.ar\/sitio\/wp-json\/wp\/v2\/posts\/102377\/revisions"}],"predecessor-version":[{"id":102379,"href":"https:\/\/eldiariodesanpedro.com.ar\/sitio\/wp-json\/wp\/v2\/posts\/102377\/revisions\/102379"}],"wp:featuredmedia":[{"embeddable":true,"href":"https:\/\/eldiariodesanpedro.com.ar\/sitio\/wp-json\/wp\/v2\/media\/102378"}],"wp:attachment":[{"href":"https:\/\/eldiariodesanpedro.com.ar\/sitio\/wp-json\/wp\/v2\/media?parent=102377"}],"wp:term":[{"taxonomy":"category","embeddable":true,"href":"https:\/\/eldiariodesanpedro.com.ar\/sitio\/wp-json\/wp\/v2\/categories?post=102377"},{"taxonomy":"post_tag","embeddable":true,"href":"https:\/\/eldiariodesanpedro.com.ar\/sitio\/wp-json\/wp\/v2\/tags?post=102377"}],"curies":[{"name":"wp","href":"https:\/\/api.w.org\/{rel}","templated":true}]}}