{"id":102363,"date":"2021-12-20T17:50:32","date_gmt":"2021-12-20T20:50:32","guid":{"rendered":"https:\/\/eldiariodesanpedro.com.ar\/sitio\/?p=102363"},"modified":"2021-12-20T17:50:34","modified_gmt":"2021-12-20T20:50:34","slug":"edicto-de-sucesion-de-lidia-norma-carron","status":"publish","type":"post","link":"https:\/\/eldiariodesanpedro.com.ar\/sitio\/edicto-de-sucesion-de-lidia-norma-carron\/","title":{"rendered":"Edicto de Sucesi\u00f3n de Lidia Norma Carron"},"content":{"rendered":"<!-- VideographyWP Plugin Message: Automatic video embedding prevented by plugin options. -->\n\n<p>El Juzgado de Paz de San Pedro, Secretar\u00eda \u00danica, del Departamento Judicial de San Nicol\u00e1s de los Arroyos, cita y emplaza a herederos y acreedores de <strong>Lidia Norma Carron<\/strong>, por el t\u00e9rmino de 30 d\u00edas. San Pedro, 20 de diciembre de 2021.-<\/p>\n\n\n\n<p>FACUNDO VELL\u00d3N<br>ABOGADO SECRETARIO<\/p>\n\n\n\n<p>(Publicaci\u00f3n v\u00e1lida los d\u00edas 20, 21 y 22 de diciembre de 2021)\u00a0 <br><a href=\"https:\/\/notificaciones.scba.gov.ar\/verificarnotificacion.aspx?codNotif=EX74FT\">https:\/\/notificaciones.scba.gov.ar\/verificarnotificacion.aspx?codNotif=EX74FT<\/a><\/p>\n","protected":false},"excerpt":{"rendered":"<p>El Juzgado de Paz de San Pedro, Secretar\u00eda \u00danica, del Departamento Judicial de San Nicol\u00e1s de los Arroyos, cita y emplaza a herederos y acreedores de Lidia Norma Carron, por el t\u00e9rmino de 30 d\u00edas. San Pedro, 20 de diciembre de 2021.- FACUNDO VELL\u00d3NABOGADO SECRETARIO (Publicaci\u00f3n v\u00e1lida los d\u00edas 20, 21 y 22 de diciembre [&hellip;]<\/p>\n","protected":false},"author":4,"featured_media":81115,"comment_status":"closed","ping_status":"closed","sticky":false,"template":"","format":"standard","meta":{"om_disable_all_campaigns":false,"_jetpack_memberships_contains_paid_content":false,"footnotes":""},"categories":[676,677],"tags":[197,1121,696,1355,33,19,1122],"class_list":["post-102363","post","type-post","status-publish","format-standard","has-post-thumbnail","hentry","category-edictos","category-edictos-sucesorios","tag-buenos-aires","tag-edicto","tag-interes-general","tag-judiciales","tag-locales","tag-san-pedro","tag-sucesion"],"aioseo_notices":[],"gutentor_comment":0,"jetpack_featured_media_url":"https:\/\/eldiariodesanpedro.com.ar\/sitio\/wp-content\/uploads\/2020\/09\/Poder-Judicial.jpg","jetpack_shortlink":"https:\/\/wp.me\/p6RhLt-qD1","jetpack_sharing_enabled":true,"_links":{"self":[{"href":"https:\/\/eldiariodesanpedro.com.ar\/sitio\/wp-json\/wp\/v2\/posts\/102363","targetHints":{"allow":["GET"]}}],"collection":[{"href":"https:\/\/eldiariodesanpedro.com.ar\/sitio\/wp-json\/wp\/v2\/posts"}],"about":[{"href":"https:\/\/eldiariodesanpedro.com.ar\/sitio\/wp-json\/wp\/v2\/types\/post"}],"author":[{"embeddable":true,"href":"https:\/\/eldiariodesanpedro.com.ar\/sitio\/wp-json\/wp\/v2\/users\/4"}],"replies":[{"embeddable":true,"href":"https:\/\/eldiariodesanpedro.com.ar\/sitio\/wp-json\/wp\/v2\/comments?post=102363"}],"version-history":[{"count":1,"href":"https:\/\/eldiariodesanpedro.com.ar\/sitio\/wp-json\/wp\/v2\/posts\/102363\/revisions"}],"predecessor-version":[{"id":102364,"href":"https:\/\/eldiariodesanpedro.com.ar\/sitio\/wp-json\/wp\/v2\/posts\/102363\/revisions\/102364"}],"wp:featuredmedia":[{"embeddable":true,"href":"https:\/\/eldiariodesanpedro.com.ar\/sitio\/wp-json\/wp\/v2\/media\/81115"}],"wp:attachment":[{"href":"https:\/\/eldiariodesanpedro.com.ar\/sitio\/wp-json\/wp\/v2\/media?parent=102363"}],"wp:term":[{"taxonomy":"category","embeddable":true,"href":"https:\/\/eldiariodesanpedro.com.ar\/sitio\/wp-json\/wp\/v2\/categories?post=102363"},{"taxonomy":"post_tag","embeddable":true,"href":"https:\/\/eldiariodesanpedro.com.ar\/sitio\/wp-json\/wp\/v2\/tags?post=102363"}],"curies":[{"name":"wp","href":"https:\/\/api.w.org\/{rel}","templated":true}]}}