{"id":102357,"date":"2021-12-20T10:50:41","date_gmt":"2021-12-20T13:50:41","guid":{"rendered":"https:\/\/eldiariodesanpedro.com.ar\/sitio\/?p=102357"},"modified":"2021-12-20T10:50:43","modified_gmt":"2021-12-20T13:50:43","slug":"inauguraron-la-segunda-etapa-de-la-peatonal","status":"publish","type":"post","link":"https:\/\/eldiariodesanpedro.com.ar\/sitio\/inauguraron-la-segunda-etapa-de-la-peatonal\/","title":{"rendered":"Inauguraron la segunda etapa de la peatonal"},"content":{"rendered":"<!-- VideographyWP Plugin Message: Automatic video embedding prevented by plugin options. -->\n\n<p>Tras dos meses de trabajo qued\u00f3 habilitada en todo su trazado la renovada peatonal de la ciudad. El s\u00e1bado se produjo la apertura de la calle Obligado, entre Mitre y Pellegrini.<\/p>\n\n\n\n<p>Sobre el atardecer del s\u00e1bado y con la presencia del intendente municipal Ram\u00f3n Salazar a qui\u00e9n se lo vio acompa\u00f1ado por parte de su gabinete, se llev\u00f3 a cabo la apertura del segundo tramo de la peatonal que comprende a la calle Balcarce entre Mitre y Pellegrini.<\/p>\n\n\n\n<p>De esta manera qued\u00f3 totalmente habilitado el paso para veh\u00edculos y tambi\u00e9n peatones.<\/p>\n\n\n\n<p>Las autoridades y funcionarios presentes, encabezaron la sencilla inauguraci\u00f3n destacando la calidad de la obra y el tiempo en el que se realiz\u00f3 escuchando el reclamo y el pedido de vecinos y comerciantes.<\/p>\n\n\n\n<p>Anteriormente ya hab\u00eda sido habilitada la traza que va por calle Balcarce entre 25 de Mayo y Mitre, ahora se habilit\u00f3 el tramo que circula por Obligado entre Mitre y Pellegrini.<\/p>\n\n\n\n<p>De esta manera el centro de la ciudad recobra la circulaci\u00f3n de veh\u00edculos, la misma que desde su inauguraci\u00f3n hab\u00eda anulado por completo la circulaci\u00f3n por la tradicional esquina.<\/p>\n","protected":false},"excerpt":{"rendered":"<p>Tras dos meses de trabajo qued\u00f3 habilitada en todo su trazado la renovada peatonal de la ciudad. El s\u00e1bado se produjo la apertura de la calle Obligado, entre Mitre y Pellegrini. Sobre el atardecer del s\u00e1bado y con la presencia del intendente municipal Ram\u00f3n Salazar a qui\u00e9n se lo vio acompa\u00f1ado por parte de su [&hellip;]<\/p>\n","protected":false},"author":4,"featured_media":102358,"comment_status":"closed","ping_status":"closed","sticky":false,"template":"","format":"standard","meta":{"om_disable_all_campaigns":false,"_jetpack_memberships_contains_paid_content":false,"footnotes":""},"categories":[50,101,2],"tags":[197,696,33,19],"class_list":["post-102357","post","type-post","status-publish","format-standard","has-post-thumbnail","hentry","category-destacadas","category-interes-general-locales","category-locales","tag-buenos-aires","tag-interes-general","tag-locales","tag-san-pedro"],"aioseo_notices":[],"gutentor_comment":0,"jetpack_featured_media_url":"https:\/\/eldiariodesanpedro.com.ar\/sitio\/wp-content\/uploads\/2021\/12\/0000020567-resized-1920x1080-1.jpeg","jetpack_shortlink":"https:\/\/wp.me\/p6RhLt-qCV","jetpack_sharing_enabled":true,"_links":{"self":[{"href":"https:\/\/eldiariodesanpedro.com.ar\/sitio\/wp-json\/wp\/v2\/posts\/102357","targetHints":{"allow":["GET"]}}],"collection":[{"href":"https:\/\/eldiariodesanpedro.com.ar\/sitio\/wp-json\/wp\/v2\/posts"}],"about":[{"href":"https:\/\/eldiariodesanpedro.com.ar\/sitio\/wp-json\/wp\/v2\/types\/post"}],"author":[{"embeddable":true,"href":"https:\/\/eldiariodesanpedro.com.ar\/sitio\/wp-json\/wp\/v2\/users\/4"}],"replies":[{"embeddable":true,"href":"https:\/\/eldiariodesanpedro.com.ar\/sitio\/wp-json\/wp\/v2\/comments?post=102357"}],"version-history":[{"count":1,"href":"https:\/\/eldiariodesanpedro.com.ar\/sitio\/wp-json\/wp\/v2\/posts\/102357\/revisions"}],"predecessor-version":[{"id":102359,"href":"https:\/\/eldiariodesanpedro.com.ar\/sitio\/wp-json\/wp\/v2\/posts\/102357\/revisions\/102359"}],"wp:featuredmedia":[{"embeddable":true,"href":"https:\/\/eldiariodesanpedro.com.ar\/sitio\/wp-json\/wp\/v2\/media\/102358"}],"wp:attachment":[{"href":"https:\/\/eldiariodesanpedro.com.ar\/sitio\/wp-json\/wp\/v2\/media?parent=102357"}],"wp:term":[{"taxonomy":"category","embeddable":true,"href":"https:\/\/eldiariodesanpedro.com.ar\/sitio\/wp-json\/wp\/v2\/categories?post=102357"},{"taxonomy":"post_tag","embeddable":true,"href":"https:\/\/eldiariodesanpedro.com.ar\/sitio\/wp-json\/wp\/v2\/tags?post=102357"}],"curies":[{"name":"wp","href":"https:\/\/api.w.org\/{rel}","templated":true}]}}