{"id":102354,"date":"2021-12-20T10:46:49","date_gmt":"2021-12-20T13:46:49","guid":{"rendered":"https:\/\/eldiariodesanpedro.com.ar\/sitio\/?p=102354"},"modified":"2021-12-20T10:46:51","modified_gmt":"2021-12-20T13:46:51","slug":"comenzo-el-casting-de-marcelo-polino-y-marcela-tauro","status":"publish","type":"post","link":"https:\/\/eldiariodesanpedro.com.ar\/sitio\/comenzo-el-casting-de-marcelo-polino-y-marcela-tauro\/","title":{"rendered":"Comenz\u00f3 el casting de Marcelo Polino y Marcela Tauro"},"content":{"rendered":"<!-- VideographyWP Plugin Message: Automatic video embedding prevented by plugin options. -->\n\n<p>Se presentaron decenas de personas oriundas de nuestra ciudad, de las localidades y de otras ciudades vecinas. Fue una gran oportunidad para mostrar talentos y una puerta que se abre hacia el futuro.<\/p>\n\n\n\n<p>El s\u00e1bado, se llev\u00f3 adelante el casting en San Pedro.<\/p>\n\n\n\n<p>Desde las 10 hs. y hasta la tarde se desarroll\u00f3 en el Centro Cultural Abelardo Castillo, una jornada extensa colmada de talentos y emociones.<\/p>\n\n\n\n<p>La Secretaria de Turismo y Cultura Marcela Cu\u00f1er estuvo presente acompa\u00f1ando al jurado que estuvo conformado por Sol Altolaguirre, Pablo Ramirez, \u00abChich\u00f3n\u00bb Gonzalez, Enrique Ferroni, Luciano Gimenez y presidido por N\u00e9stor Moyano, productor y core\u00f3grafo muy reconocido.<\/p>\n\n\n\n<p>Se presentaron decenas de personas oriundas de nuestra ciudad, de las localidades y de otras ciudades vecinas.<\/p>\n\n\n\n<p>Fue una gran oportunidad para mostrar talentos y una puerta que se abre hacia el futuro.<\/p>\n\n\n\n<p>A la brevedad se informar\u00e1 el resultado que brindar\u00e1 el jurado acerca de este casting de talentos para participar de la temporada teatral de verano junto a Marcelo Polino y Marcela Tauro.<\/p>\n","protected":false},"excerpt":{"rendered":"<p>Se presentaron decenas de personas oriundas de nuestra ciudad, de las localidades y de otras ciudades vecinas. Fue una gran oportunidad para mostrar talentos y una puerta que se abre hacia el futuro. El s\u00e1bado, se llev\u00f3 adelante el casting en San Pedro. Desde las 10 hs. y hasta la tarde se desarroll\u00f3 en el [&hellip;]<\/p>\n","protected":false},"author":4,"featured_media":102355,"comment_status":"closed","ping_status":"closed","sticky":false,"template":"","format":"standard","meta":{"om_disable_all_campaigns":false,"_jetpack_memberships_contains_paid_content":false,"footnotes":""},"categories":[50,101,2],"tags":[197,696,33,19],"class_list":["post-102354","post","type-post","status-publish","format-standard","has-post-thumbnail","hentry","category-destacadas","category-interes-general-locales","category-locales","tag-buenos-aires","tag-interes-general","tag-locales","tag-san-pedro"],"aioseo_notices":[],"gutentor_comment":0,"jetpack_featured_media_url":"https:\/\/eldiariodesanpedro.com.ar\/sitio\/wp-content\/uploads\/2021\/12\/0000020566-resized-1920x1080-1.jpg","jetpack_shortlink":"https:\/\/wp.me\/p6RhLt-qCS","jetpack_sharing_enabled":true,"_links":{"self":[{"href":"https:\/\/eldiariodesanpedro.com.ar\/sitio\/wp-json\/wp\/v2\/posts\/102354","targetHints":{"allow":["GET"]}}],"collection":[{"href":"https:\/\/eldiariodesanpedro.com.ar\/sitio\/wp-json\/wp\/v2\/posts"}],"about":[{"href":"https:\/\/eldiariodesanpedro.com.ar\/sitio\/wp-json\/wp\/v2\/types\/post"}],"author":[{"embeddable":true,"href":"https:\/\/eldiariodesanpedro.com.ar\/sitio\/wp-json\/wp\/v2\/users\/4"}],"replies":[{"embeddable":true,"href":"https:\/\/eldiariodesanpedro.com.ar\/sitio\/wp-json\/wp\/v2\/comments?post=102354"}],"version-history":[{"count":1,"href":"https:\/\/eldiariodesanpedro.com.ar\/sitio\/wp-json\/wp\/v2\/posts\/102354\/revisions"}],"predecessor-version":[{"id":102356,"href":"https:\/\/eldiariodesanpedro.com.ar\/sitio\/wp-json\/wp\/v2\/posts\/102354\/revisions\/102356"}],"wp:featuredmedia":[{"embeddable":true,"href":"https:\/\/eldiariodesanpedro.com.ar\/sitio\/wp-json\/wp\/v2\/media\/102355"}],"wp:attachment":[{"href":"https:\/\/eldiariodesanpedro.com.ar\/sitio\/wp-json\/wp\/v2\/media?parent=102354"}],"wp:term":[{"taxonomy":"category","embeddable":true,"href":"https:\/\/eldiariodesanpedro.com.ar\/sitio\/wp-json\/wp\/v2\/categories?post=102354"},{"taxonomy":"post_tag","embeddable":true,"href":"https:\/\/eldiariodesanpedro.com.ar\/sitio\/wp-json\/wp\/v2\/tags?post=102354"}],"curies":[{"name":"wp","href":"https:\/\/api.w.org\/{rel}","templated":true}]}}