{"id":102348,"date":"2021-12-20T10:38:22","date_gmt":"2021-12-20T13:38:22","guid":{"rendered":"https:\/\/eldiariodesanpedro.com.ar\/sitio\/?p=102348"},"modified":"2021-12-20T10:38:23","modified_gmt":"2021-12-20T13:38:23","slug":"se-realizo-el-primer-barber-fest-san-pedro-2021","status":"publish","type":"post","link":"https:\/\/eldiariodesanpedro.com.ar\/sitio\/se-realizo-el-primer-barber-fest-san-pedro-2021\/","title":{"rendered":"Se realiz\u00f3 el primer Barber Fest San Pedro 2021"},"content":{"rendered":"<!-- VideographyWP Plugin Message: Automatic video embedding prevented by plugin options. -->\n\n<p>El novedoso encuentro se desarroll\u00f3 en la tarde del domingo en el paseo p\u00fablico municipal y cont\u00f3 con representantes de distintas provincias.<\/p>\n\n\n\n<p>C\u00f3mo estaba previsto en la tarde del domingo sobre el escenario principal del paseo p\u00fablico se desarroll\u00f3 el primer barber fest del pa\u00eds.<\/p>\n\n\n\n<p>No hay registros de actividades de este tipo y por eso San Pedro tuvo la oportunidad de desarrollar el primero.<\/p>\n\n\n\n<p><\/p>\n","protected":false},"excerpt":{"rendered":"<p>El novedoso encuentro se desarroll\u00f3 en la tarde del domingo en el paseo p\u00fablico municipal y cont\u00f3 con representantes de distintas provincias. C\u00f3mo estaba previsto en la tarde del domingo sobre el escenario principal del paseo p\u00fablico se desarroll\u00f3 el primer barber fest del pa\u00eds. No hay registros de actividades de este tipo y por [&hellip;]<\/p>\n","protected":false},"author":4,"featured_media":102349,"comment_status":"closed","ping_status":"closed","sticky":false,"template":"","format":"standard","meta":{"om_disable_all_campaigns":false,"_jetpack_memberships_contains_paid_content":false,"footnotes":""},"categories":[50,101,2],"tags":[],"class_list":["post-102348","post","type-post","status-publish","format-standard","has-post-thumbnail","hentry","category-destacadas","category-interes-general-locales","category-locales"],"aioseo_notices":[],"gutentor_comment":0,"jetpack_featured_media_url":"https:\/\/eldiariodesanpedro.com.ar\/sitio\/wp-content\/uploads\/2021\/12\/descarga-4.jpg","jetpack_shortlink":"https:\/\/wp.me\/p6RhLt-qCM","jetpack_sharing_enabled":true,"_links":{"self":[{"href":"https:\/\/eldiariodesanpedro.com.ar\/sitio\/wp-json\/wp\/v2\/posts\/102348","targetHints":{"allow":["GET"]}}],"collection":[{"href":"https:\/\/eldiariodesanpedro.com.ar\/sitio\/wp-json\/wp\/v2\/posts"}],"about":[{"href":"https:\/\/eldiariodesanpedro.com.ar\/sitio\/wp-json\/wp\/v2\/types\/post"}],"author":[{"embeddable":true,"href":"https:\/\/eldiariodesanpedro.com.ar\/sitio\/wp-json\/wp\/v2\/users\/4"}],"replies":[{"embeddable":true,"href":"https:\/\/eldiariodesanpedro.com.ar\/sitio\/wp-json\/wp\/v2\/comments?post=102348"}],"version-history":[{"count":1,"href":"https:\/\/eldiariodesanpedro.com.ar\/sitio\/wp-json\/wp\/v2\/posts\/102348\/revisions"}],"predecessor-version":[{"id":102350,"href":"https:\/\/eldiariodesanpedro.com.ar\/sitio\/wp-json\/wp\/v2\/posts\/102348\/revisions\/102350"}],"wp:featuredmedia":[{"embeddable":true,"href":"https:\/\/eldiariodesanpedro.com.ar\/sitio\/wp-json\/wp\/v2\/media\/102349"}],"wp:attachment":[{"href":"https:\/\/eldiariodesanpedro.com.ar\/sitio\/wp-json\/wp\/v2\/media?parent=102348"}],"wp:term":[{"taxonomy":"category","embeddable":true,"href":"https:\/\/eldiariodesanpedro.com.ar\/sitio\/wp-json\/wp\/v2\/categories?post=102348"},{"taxonomy":"post_tag","embeddable":true,"href":"https:\/\/eldiariodesanpedro.com.ar\/sitio\/wp-json\/wp\/v2\/tags?post=102348"}],"curies":[{"name":"wp","href":"https:\/\/api.w.org\/{rel}","templated":true}]}}