{"id":102344,"date":"2021-12-20T10:29:59","date_gmt":"2021-12-20T13:29:59","guid":{"rendered":"https:\/\/eldiariodesanpedro.com.ar\/sitio\/?p=102344"},"modified":"2021-12-20T10:30:01","modified_gmt":"2021-12-20T13:30:01","slug":"productores-afectados-por-la-inseguridad-se-reunieron-en-el-aeroclub","status":"publish","type":"post","link":"https:\/\/eldiariodesanpedro.com.ar\/sitio\/productores-afectados-por-la-inseguridad-se-reunieron-en-el-aeroclub\/","title":{"rendered":"Productores afectados por la inseguridad se reunieron en el Aeroclub"},"content":{"rendered":"<!-- VideographyWP Plugin Message: Automatic video embedding prevented by plugin options. -->\n\n<p>La escalada de robos de animales en establecimientos rurales del Partido gener\u00f3 una reuni\u00f3n esta ma\u00f1ana en el Aeroclub San Pedro con representantes de las fuerzas de seguridad.<\/p>\n\n\n\n<p>La preocupaci\u00f3n va creciendo d\u00eda a d\u00eda ante la impunidad con la que est\u00e1n actuando los delincuentes que generan grandes p\u00e9rdidas a quienes en muchos casos han estado esperando estas fechas para poder recuperar parte de lo perdido en los \u00faltimos tiempos.<\/p>\n\n\n\n<p>Las autoridades policiales escucharon a los productores que expresaron su preocupaci\u00f3n y al mismo tiempo brindaron informaci\u00f3n sobre lo ocurrido y en los pr\u00f3ximos d\u00edas habr\u00e1 un nuevo encuentro ampliado a representantes de la Justicia y del gobierno municipal.<\/p>\n\n\n\n<p>Se remarc\u00f3 adem\u00e1s la importancia de pedirle a la comunidad que evite comprar lo que se ofrece a trav\u00e9s de un mercado negro con lo que se va sustrayendo en estas circunstancias.<\/p>\n\n\n\n<figure class=\"wp-block-image size-full\"><img decoding=\"async\" width=\"840\" height=\"630\" data-attachment-id=\"102346\" data-permalink=\"https:\/\/eldiariodesanpedro.com.ar\/sitio\/productores-afectados-por-la-inseguridad-se-reunieron-en-el-aeroclub\/aeroclubrural-4\/\" data-orig-file=\"https:\/\/eldiariodesanpedro.com.ar\/sitio\/wp-content\/uploads\/2021\/12\/aeroclubrural-4.jpeg\" data-orig-size=\"840,630\" data-comments-opened=\"0\" data-image-meta=\"{&quot;aperture&quot;:&quot;0&quot;,&quot;credit&quot;:&quot;&quot;,&quot;camera&quot;:&quot;&quot;,&quot;caption&quot;:&quot;&quot;,&quot;created_timestamp&quot;:&quot;0&quot;,&quot;copyright&quot;:&quot;&quot;,&quot;focal_length&quot;:&quot;0&quot;,&quot;iso&quot;:&quot;0&quot;,&quot;shutter_speed&quot;:&quot;0&quot;,&quot;title&quot;:&quot;&quot;,&quot;orientation&quot;:&quot;0&quot;}\" data-image-title=\"aeroclubrural (4)\" data-image-description=\"\" data-image-caption=\"\" data-large-file=\"https:\/\/eldiariodesanpedro.com.ar\/sitio\/wp-content\/uploads\/2021\/12\/aeroclubrural-4.jpeg\" data-src=\"https:\/\/eldiariodesanpedro.com.ar\/sitio\/wp-content\/uploads\/2021\/12\/aeroclubrural-4.jpeg\" alt=\"\" class=\"wp-image-102346 lazyload\" data-srcset=\"https:\/\/eldiariodesanpedro.com.ar\/sitio\/wp-content\/uploads\/2021\/12\/aeroclubrural-4.jpeg 840w, https:\/\/eldiariodesanpedro.com.ar\/sitio\/wp-content\/uploads\/2021\/12\/aeroclubrural-4-300x225.jpeg 300w, https:\/\/eldiariodesanpedro.com.ar\/sitio\/wp-content\/uploads\/2021\/12\/aeroclubrural-4-768x576.jpeg 768w, https:\/\/eldiariodesanpedro.com.ar\/sitio\/wp-content\/uploads\/2021\/12\/aeroclubrural-4-500x375.jpeg 500w\" data-sizes=\"(max-width: 840px) 100vw, 840px\" src=\"data:image\/svg+xml;base64,PHN2ZyB3aWR0aD0iMSIgaGVpZ2h0PSIxIiB4bWxucz0iaHR0cDovL3d3dy53My5vcmcvMjAwMC9zdmciPjwvc3ZnPg==\" style=\"--smush-placeholder-width: 840px; --smush-placeholder-aspect-ratio: 840\/630;\" \/><\/figure>\n","protected":false},"excerpt":{"rendered":"<p>La escalada de robos de animales en establecimientos rurales del Partido gener\u00f3 una reuni\u00f3n esta ma\u00f1ana en el Aeroclub San Pedro con representantes de las fuerzas de seguridad. La preocupaci\u00f3n va creciendo d\u00eda a d\u00eda ante la impunidad con la que est\u00e1n actuando los delincuentes que generan grandes p\u00e9rdidas a quienes en muchos casos han [&hellip;]<\/p>\n","protected":false},"author":4,"featured_media":102345,"comment_status":"closed","ping_status":"closed","sticky":false,"template":"","format":"standard","meta":{"om_disable_all_campaigns":false,"_jetpack_memberships_contains_paid_content":false,"footnotes":""},"categories":[50,101,2],"tags":[197,696,33,19],"class_list":["post-102344","post","type-post","status-publish","format-standard","has-post-thumbnail","hentry","category-destacadas","category-interes-general-locales","category-locales","tag-buenos-aires","tag-interes-general","tag-locales","tag-san-pedro"],"aioseo_notices":[],"gutentor_comment":0,"jetpack_featured_media_url":"https:\/\/eldiariodesanpedro.com.ar\/sitio\/wp-content\/uploads\/2021\/12\/aeroclubrural-1.jpeg","jetpack_shortlink":"https:\/\/wp.me\/p6RhLt-qCI","jetpack_sharing_enabled":true,"_links":{"self":[{"href":"https:\/\/eldiariodesanpedro.com.ar\/sitio\/wp-json\/wp\/v2\/posts\/102344","targetHints":{"allow":["GET"]}}],"collection":[{"href":"https:\/\/eldiariodesanpedro.com.ar\/sitio\/wp-json\/wp\/v2\/posts"}],"about":[{"href":"https:\/\/eldiariodesanpedro.com.ar\/sitio\/wp-json\/wp\/v2\/types\/post"}],"author":[{"embeddable":true,"href":"https:\/\/eldiariodesanpedro.com.ar\/sitio\/wp-json\/wp\/v2\/users\/4"}],"replies":[{"embeddable":true,"href":"https:\/\/eldiariodesanpedro.com.ar\/sitio\/wp-json\/wp\/v2\/comments?post=102344"}],"version-history":[{"count":1,"href":"https:\/\/eldiariodesanpedro.com.ar\/sitio\/wp-json\/wp\/v2\/posts\/102344\/revisions"}],"predecessor-version":[{"id":102347,"href":"https:\/\/eldiariodesanpedro.com.ar\/sitio\/wp-json\/wp\/v2\/posts\/102344\/revisions\/102347"}],"wp:featuredmedia":[{"embeddable":true,"href":"https:\/\/eldiariodesanpedro.com.ar\/sitio\/wp-json\/wp\/v2\/media\/102345"}],"wp:attachment":[{"href":"https:\/\/eldiariodesanpedro.com.ar\/sitio\/wp-json\/wp\/v2\/media?parent=102344"}],"wp:term":[{"taxonomy":"category","embeddable":true,"href":"https:\/\/eldiariodesanpedro.com.ar\/sitio\/wp-json\/wp\/v2\/categories?post=102344"},{"taxonomy":"post_tag","embeddable":true,"href":"https:\/\/eldiariodesanpedro.com.ar\/sitio\/wp-json\/wp\/v2\/tags?post=102344"}],"curies":[{"name":"wp","href":"https:\/\/api.w.org\/{rel}","templated":true}]}}