{"id":10234,"date":"2016-11-15T11:59:16","date_gmt":"2016-11-15T14:59:16","guid":{"rendered":"https:\/\/eldiariodesanpedro.com.ar\/sitio\/?p=10234"},"modified":"2016-11-15T11:59:16","modified_gmt":"2016-11-15T14:59:16","slug":"una-moto-colisiono-contra-la-puerta-del-auto","status":"publish","type":"post","link":"https:\/\/eldiariodesanpedro.com.ar\/sitio\/una-moto-colisiono-contra-la-puerta-del-auto\/","title":{"rendered":"Una moto colision\u00f3 contra la puerta del auto"},"content":{"rendered":"<p><!-- VideographyWP Plugin Message: Automatic video embedding prevented by plugin options. --><br \/>\nAccidente de tr\u00e1nsito en Mitre al 1400 casi La valle. En esta ocasi\u00f3n un joven de 20 a\u00f1os de edad que conduc\u00eda un motocicleta Honda Tornado impacto contra un automovil Wolksvagen Gol que se encontraba estacionado el cual la conductora del mismo all\u00e1 abrir la puerta sin mirar para atr\u00e1s provoca que el conductor de la moto que ve ia sin casco colisionar a con la misma, el joven fue trasladado por la ambulancia de la guardia solo con heridas leves. <\/p>\n<p><a href=\"https:\/\/eldiariodesanpedro.com.ar\/sitio\/wp-content\/uploads\/2016\/11\/IMG_20161115_114020065.jpg\"><img decoding=\"async\" data-attachment-id=\"10236\" data-permalink=\"https:\/\/eldiariodesanpedro.com.ar\/sitio\/una-moto-colisiono-contra-la-puerta-del-auto\/img_20161115_114020065\/\" data-orig-file=\"https:\/\/eldiariodesanpedro.com.ar\/sitio\/wp-content\/uploads\/2016\/11\/IMG_20161115_114020065-e1479245141753.jpg\" data-orig-size=\"1024,576\" data-comments-opened=\"1\" data-image-meta=\"{&quot;aperture&quot;:&quot;2&quot;,&quot;credit&quot;:&quot;&quot;,&quot;camera&quot;:&quot;XT1572&quot;,&quot;caption&quot;:&quot;&quot;,&quot;created_timestamp&quot;:&quot;1479210020&quot;,&quot;copyright&quot;:&quot;&quot;,&quot;focal_length&quot;:&quot;4.67&quot;,&quot;iso&quot;:&quot;50&quot;,&quot;shutter_speed&quot;:&quot;0.00055&quot;,&quot;title&quot;:&quot;&quot;,&quot;orientation&quot;:&quot;0&quot;}\" data-image-title=\"img_20161115_114020065\" data-image-description=\"\" data-image-caption=\"\" data-large-file=\"https:\/\/eldiariodesanpedro.com.ar\/sitio\/wp-content\/uploads\/2016\/11\/IMG_20161115_114020065-1024x576.jpg\" data-src=\"https:\/\/eldiariodesanpedro.com.ar\/sitio\/wp-content\/uploads\/2016\/11\/IMG_20161115_114020065-300x169.jpg\" alt=\"img_20161115_114020065\" width=\"300\" height=\"169\" class=\"alignnone size-medium wp-image-10236 lazyload\" src=\"data:image\/svg+xml;base64,PHN2ZyB3aWR0aD0iMSIgaGVpZ2h0PSIxIiB4bWxucz0iaHR0cDovL3d3dy53My5vcmcvMjAwMC9zdmciPjwvc3ZnPg==\" style=\"--smush-placeholder-width: 300px; --smush-placeholder-aspect-ratio: 300\/169;\" \/><\/a><\/p>\n","protected":false},"excerpt":{"rendered":"<p>Accidente de tr\u00e1nsito en Mitre al 1400 casi La valle. En esta ocasi\u00f3n un joven de 20 a\u00f1os de edad que conduc\u00eda un motocicleta Honda Tornado impacto contra un automovil Wolksvagen Gol que se encontraba estacionado el cual la conductora del mismo all\u00e1 abrir la puerta sin mirar para atr\u00e1s provoca que el conductor de [&hellip;]<\/p>\n","protected":false},"author":4,"featured_media":10235,"comment_status":"open","ping_status":"closed","sticky":false,"template":"","format":"standard","meta":{"om_disable_all_campaigns":false,"_jetpack_memberships_contains_paid_content":false,"footnotes":""},"categories":[50,2,103],"tags":[],"class_list":["post-10234","post","type-post","status-publish","format-standard","has-post-thumbnail","hentry","category-destacadas","category-locales","category-policiales-locales"],"aioseo_notices":[],"gutentor_comment":1,"jetpack_featured_media_url":"https:\/\/eldiariodesanpedro.com.ar\/sitio\/wp-content\/uploads\/2016\/11\/IMG-20161115-WA0019.jpg","jetpack_shortlink":"https:\/\/wp.me\/p6RhLt-2F4","jetpack_sharing_enabled":true,"_links":{"self":[{"href":"https:\/\/eldiariodesanpedro.com.ar\/sitio\/wp-json\/wp\/v2\/posts\/10234","targetHints":{"allow":["GET"]}}],"collection":[{"href":"https:\/\/eldiariodesanpedro.com.ar\/sitio\/wp-json\/wp\/v2\/posts"}],"about":[{"href":"https:\/\/eldiariodesanpedro.com.ar\/sitio\/wp-json\/wp\/v2\/types\/post"}],"author":[{"embeddable":true,"href":"https:\/\/eldiariodesanpedro.com.ar\/sitio\/wp-json\/wp\/v2\/users\/4"}],"replies":[{"embeddable":true,"href":"https:\/\/eldiariodesanpedro.com.ar\/sitio\/wp-json\/wp\/v2\/comments?post=10234"}],"version-history":[{"count":2,"href":"https:\/\/eldiariodesanpedro.com.ar\/sitio\/wp-json\/wp\/v2\/posts\/10234\/revisions"}],"predecessor-version":[{"id":10247,"href":"https:\/\/eldiariodesanpedro.com.ar\/sitio\/wp-json\/wp\/v2\/posts\/10234\/revisions\/10247"}],"wp:featuredmedia":[{"embeddable":true,"href":"https:\/\/eldiariodesanpedro.com.ar\/sitio\/wp-json\/wp\/v2\/media\/10235"}],"wp:attachment":[{"href":"https:\/\/eldiariodesanpedro.com.ar\/sitio\/wp-json\/wp\/v2\/media?parent=10234"}],"wp:term":[{"taxonomy":"category","embeddable":true,"href":"https:\/\/eldiariodesanpedro.com.ar\/sitio\/wp-json\/wp\/v2\/categories?post=10234"},{"taxonomy":"post_tag","embeddable":true,"href":"https:\/\/eldiariodesanpedro.com.ar\/sitio\/wp-json\/wp\/v2\/tags?post=10234"}],"curies":[{"name":"wp","href":"https:\/\/api.w.org\/{rel}","templated":true}]}}