{"id":102336,"date":"2021-12-17T15:51:33","date_gmt":"2021-12-17T18:51:33","guid":{"rendered":"https:\/\/eldiariodesanpedro.com.ar\/sitio\/?p=102336"},"modified":"2021-12-17T15:51:34","modified_gmt":"2021-12-17T18:51:34","slug":"nuevas-autoridades-en-la-comision-de-fomento-de-rio-tala","status":"publish","type":"post","link":"https:\/\/eldiariodesanpedro.com.ar\/sitio\/nuevas-autoridades-en-la-comision-de-fomento-de-rio-tala\/","title":{"rendered":"Nuevas autoridades en la Comisi\u00f3n de Fomento de R\u00edo Tala"},"content":{"rendered":"<!-- VideographyWP Plugin Message: Automatic video embedding prevented by plugin options. -->\n\n<p>Este jueves se llev\u00f3 a cabo la renovaci\u00f3n de la Comisi\u00f3n de Fomento de R\u00edo Tala luego de mantener una serie de encuentros en la biblioteca de la localidad junto a la Directora del \u00e1rea In\u00e9s Mario para cumplir con los aspectos formales de constituci\u00f3n de la nueva comisi\u00f3n.<\/p>\n\n\n\n<p>La comisi\u00f3n qued\u00f3 formada de la siguiente manera:<\/p>\n\n\n\n<p>Presidente: Torres Benjam\u00edn<br>Vicepresidente: Aguilera Susana<br>Secretario: Romero Mariana<br>Tesorero: Navarro Federico<br>Vocales titulares: Barria Jorge, Morillo Gisela, Castillo Lucas, Campod\u00f3nico Lucia, Ordo\u00f1ez Noelia, Montenegro Diego.<br>Vocales Suplentes: Hern\u00e1ndez Mario, Mario Emilio, Golonechea N\u00e9lida<br>Revisadores de cuenta: N\u00fa\u00f1ez Natalia, Correa Eduardo<\/p>\n\n\n\n<p>Desde la Direcci\u00f3n continuar\u00e1n las reuniones en los diferentes barrios de la ciudad, planificando la continuidad del trabajo con el objetivo de escuchar a las vecinas y vecinos, dinamizar las comisiones que ya vienen funcionando y crear o reactivar las comisiones que por diferentes razones no se vienen reuniendo y a trav\u00e9s de ellas resolver las problem\u00e1ticas que afrontan los distintos barrios.<\/p>\n","protected":false},"excerpt":{"rendered":"<p>Este jueves se llev\u00f3 a cabo la renovaci\u00f3n de la Comisi\u00f3n de Fomento de R\u00edo Tala luego de mantener una serie de encuentros en la biblioteca de la localidad junto a la Directora del \u00e1rea In\u00e9s Mario para cumplir con los aspectos formales de constituci\u00f3n de la nueva comisi\u00f3n. La comisi\u00f3n qued\u00f3 formada de la [&hellip;]<\/p>\n","protected":false},"author":4,"featured_media":102337,"comment_status":"closed","ping_status":"closed","sticky":false,"template":"","format":"standard","meta":{"om_disable_all_campaigns":false,"_jetpack_memberships_contains_paid_content":false,"footnotes":""},"categories":[101,2],"tags":[197,696,33,19],"class_list":["post-102336","post","type-post","status-publish","format-standard","has-post-thumbnail","hentry","category-interes-general-locales","category-locales","tag-buenos-aires","tag-interes-general","tag-locales","tag-san-pedro"],"aioseo_notices":[],"gutentor_comment":0,"jetpack_featured_media_url":"https:\/\/eldiariodesanpedro.com.ar\/sitio\/wp-content\/uploads\/2021\/12\/WhatsApp-Image-2021-12-17-at-14.00.46.jpeg","jetpack_shortlink":"https:\/\/wp.me\/p6RhLt-qCA","jetpack_sharing_enabled":true,"_links":{"self":[{"href":"https:\/\/eldiariodesanpedro.com.ar\/sitio\/wp-json\/wp\/v2\/posts\/102336","targetHints":{"allow":["GET"]}}],"collection":[{"href":"https:\/\/eldiariodesanpedro.com.ar\/sitio\/wp-json\/wp\/v2\/posts"}],"about":[{"href":"https:\/\/eldiariodesanpedro.com.ar\/sitio\/wp-json\/wp\/v2\/types\/post"}],"author":[{"embeddable":true,"href":"https:\/\/eldiariodesanpedro.com.ar\/sitio\/wp-json\/wp\/v2\/users\/4"}],"replies":[{"embeddable":true,"href":"https:\/\/eldiariodesanpedro.com.ar\/sitio\/wp-json\/wp\/v2\/comments?post=102336"}],"version-history":[{"count":1,"href":"https:\/\/eldiariodesanpedro.com.ar\/sitio\/wp-json\/wp\/v2\/posts\/102336\/revisions"}],"predecessor-version":[{"id":102338,"href":"https:\/\/eldiariodesanpedro.com.ar\/sitio\/wp-json\/wp\/v2\/posts\/102336\/revisions\/102338"}],"wp:featuredmedia":[{"embeddable":true,"href":"https:\/\/eldiariodesanpedro.com.ar\/sitio\/wp-json\/wp\/v2\/media\/102337"}],"wp:attachment":[{"href":"https:\/\/eldiariodesanpedro.com.ar\/sitio\/wp-json\/wp\/v2\/media?parent=102336"}],"wp:term":[{"taxonomy":"category","embeddable":true,"href":"https:\/\/eldiariodesanpedro.com.ar\/sitio\/wp-json\/wp\/v2\/categories?post=102336"},{"taxonomy":"post_tag","embeddable":true,"href":"https:\/\/eldiariodesanpedro.com.ar\/sitio\/wp-json\/wp\/v2\/tags?post=102336"}],"curies":[{"name":"wp","href":"https:\/\/api.w.org\/{rel}","templated":true}]}}