{"id":102327,"date":"2021-12-17T15:42:43","date_gmt":"2021-12-17T18:42:43","guid":{"rendered":"https:\/\/eldiariodesanpedro.com.ar\/sitio\/?p=102327"},"modified":"2021-12-17T15:42:44","modified_gmt":"2021-12-17T18:42:44","slug":"actividades-de-cierre-del-programa-animate-vos-vales","status":"publish","type":"post","link":"https:\/\/eldiariodesanpedro.com.ar\/sitio\/actividades-de-cierre-del-programa-animate-vos-vales\/","title":{"rendered":"Actividades de cierre del programa \u201cAnimate vos vales\u201d"},"content":{"rendered":"<!-- VideographyWP Plugin Message: Automatic video embedding prevented by plugin options. -->\n\n<p>Este s\u00e1bado 18 de diciembre, la Direcci\u00f3n de Deportes llevar\u00e1 a cabo una jornada deportiva y recreativa en el Estadio Municipal en el marco del cierre del programa \u201cAnimate vos vales\u201d destinado a ni\u00f1os, adolescentes y adultos, a trav\u00e9s del que cuales se busc\u00f3 favorecer el cuidado integral de las familias, propiciando espacios de encuentro para actividades deportivas y culturales en los barrios y localidades del partido.<\/p>\n\n\n\n<p>La jornada comenzar\u00e1 a las 9.00 hs con actividades deportivas, musicales y se extender\u00e1 hasta el mediod\u00eda.<\/p>\n","protected":false},"excerpt":{"rendered":"<p>Este s\u00e1bado 18 de diciembre, la Direcci\u00f3n de Deportes llevar\u00e1 a cabo una jornada deportiva y recreativa en el Estadio Municipal en el marco del cierre del programa \u201cAnimate vos vales\u201d destinado a ni\u00f1os, adolescentes y adultos, a trav\u00e9s del que cuales se busc\u00f3 favorecer el cuidado integral de las familias, propiciando espacios de encuentro [&hellip;]<\/p>\n","protected":false},"author":4,"featured_media":102328,"comment_status":"closed","ping_status":"closed","sticky":false,"template":"","format":"standard","meta":{"om_disable_all_campaigns":false,"_jetpack_memberships_contains_paid_content":false,"footnotes":""},"categories":[101,2],"tags":[],"class_list":["post-102327","post","type-post","status-publish","format-standard","has-post-thumbnail","hentry","category-interes-general-locales","category-locales"],"aioseo_notices":[],"gutentor_comment":0,"jetpack_featured_media_url":"https:\/\/eldiariodesanpedro.com.ar\/sitio\/wp-content\/uploads\/2021\/12\/WhatsApp-Image-2021-12-17-at-11.54.35.jpeg","jetpack_shortlink":"https:\/\/wp.me\/p6RhLt-qCr","jetpack_sharing_enabled":true,"_links":{"self":[{"href":"https:\/\/eldiariodesanpedro.com.ar\/sitio\/wp-json\/wp\/v2\/posts\/102327","targetHints":{"allow":["GET"]}}],"collection":[{"href":"https:\/\/eldiariodesanpedro.com.ar\/sitio\/wp-json\/wp\/v2\/posts"}],"about":[{"href":"https:\/\/eldiariodesanpedro.com.ar\/sitio\/wp-json\/wp\/v2\/types\/post"}],"author":[{"embeddable":true,"href":"https:\/\/eldiariodesanpedro.com.ar\/sitio\/wp-json\/wp\/v2\/users\/4"}],"replies":[{"embeddable":true,"href":"https:\/\/eldiariodesanpedro.com.ar\/sitio\/wp-json\/wp\/v2\/comments?post=102327"}],"version-history":[{"count":1,"href":"https:\/\/eldiariodesanpedro.com.ar\/sitio\/wp-json\/wp\/v2\/posts\/102327\/revisions"}],"predecessor-version":[{"id":102329,"href":"https:\/\/eldiariodesanpedro.com.ar\/sitio\/wp-json\/wp\/v2\/posts\/102327\/revisions\/102329"}],"wp:featuredmedia":[{"embeddable":true,"href":"https:\/\/eldiariodesanpedro.com.ar\/sitio\/wp-json\/wp\/v2\/media\/102328"}],"wp:attachment":[{"href":"https:\/\/eldiariodesanpedro.com.ar\/sitio\/wp-json\/wp\/v2\/media?parent=102327"}],"wp:term":[{"taxonomy":"category","embeddable":true,"href":"https:\/\/eldiariodesanpedro.com.ar\/sitio\/wp-json\/wp\/v2\/categories?post=102327"},{"taxonomy":"post_tag","embeddable":true,"href":"https:\/\/eldiariodesanpedro.com.ar\/sitio\/wp-json\/wp\/v2\/tags?post=102327"}],"curies":[{"name":"wp","href":"https:\/\/api.w.org\/{rel}","templated":true}]}}