{"id":102324,"date":"2021-12-17T15:38:10","date_gmt":"2021-12-17T18:38:10","guid":{"rendered":"https:\/\/eldiariodesanpedro.com.ar\/sitio\/?p=102324"},"modified":"2021-12-17T15:38:12","modified_gmt":"2021-12-17T18:38:12","slug":"acto-por-el-dia-de-la-policia-de-la-provincia-de-buenos-aires","status":"publish","type":"post","link":"https:\/\/eldiariodesanpedro.com.ar\/sitio\/acto-por-el-dia-de-la-policia-de-la-provincia-de-buenos-aires\/","title":{"rendered":"Acto por el d\u00eda de la Polic\u00eda de la Provincia de Buenos Aires"},"content":{"rendered":"<!-- VideographyWP Plugin Message: Automatic video embedding prevented by plugin options. -->\n\n<p>Este jueves las autoridades de la polic\u00eda local llevaron a cabo el acto por el d\u00eda de la Polic\u00eda de la Provincia de Buenos Aires que se conmemor\u00f3 el d\u00eda 13 de diciembre. Durante la ceremonia se entregaron reconocimientos a los efectivos que se desempe\u00f1an en la fuerza.<\/p>\n\n\n\n<p>Participaron del evento el secretario de Gobierno Pablo Vlaeminck, el secretario de Seguridad Eduardo Rolieri, el director de Coordinaci\u00f3n Policial Juan Carlos Ag\u00fcero, el Delegado de Santa Luc\u00eda Luciano Juhant, el Jefe de Seguridad Departamental de San Nicol\u00e1s Fernando Gabriel Cabral, el Comisario Inspector Juan Catalano y el titular de la comisar\u00eda Andr\u00e9s Galeano.<\/p>\n\n\n\n<iframe data-src=\"https:\/\/www.facebook.com\/plugins\/post.php?href=https%3A%2F%2Fwww.facebook.com%2Fdiariosp2%2Fposts%2F234025612162645&#038;show_text=true&#038;width=500\" width=\"500\" height=\"665\" style=\"border:none;overflow:hidden\" scrolling=\"no\" frameborder=\"0\" allowfullscreen=\"true\" allow=\"autoplay; clipboard-write; encrypted-media; picture-in-picture; web-share\" src=\"data:image\/svg+xml;base64,PHN2ZyB3aWR0aD0iMSIgaGVpZ2h0PSIxIiB4bWxucz0iaHR0cDovL3d3dy53My5vcmcvMjAwMC9zdmciPjwvc3ZnPg==\" class=\"lazyload\" data-load-mode=\"1\"><\/iframe>\n","protected":false},"excerpt":{"rendered":"<p>Este jueves las autoridades de la polic\u00eda local llevaron a cabo el acto por el d\u00eda de la Polic\u00eda de la Provincia de Buenos Aires que se conmemor\u00f3 el d\u00eda 13 de diciembre. Durante la ceremonia se entregaron reconocimientos a los efectivos que se desempe\u00f1an en la fuerza. Participaron del evento el secretario de Gobierno [&hellip;]<\/p>\n","protected":false},"author":4,"featured_media":102325,"comment_status":"closed","ping_status":"closed","sticky":false,"template":"","format":"standard","meta":{"om_disable_all_campaigns":false,"_jetpack_memberships_contains_paid_content":false,"footnotes":""},"categories":[50,101,2],"tags":[],"class_list":["post-102324","post","type-post","status-publish","format-standard","has-post-thumbnail","hentry","category-destacadas","category-interes-general-locales","category-locales"],"aioseo_notices":[],"gutentor_comment":0,"jetpack_featured_media_url":"https:\/\/eldiariodesanpedro.com.ar\/sitio\/wp-content\/uploads\/2021\/12\/266123582_233974992167707_3886084424011341756_n.jpg","jetpack_shortlink":"https:\/\/wp.me\/p6RhLt-qCo","jetpack_sharing_enabled":true,"_links":{"self":[{"href":"https:\/\/eldiariodesanpedro.com.ar\/sitio\/wp-json\/wp\/v2\/posts\/102324","targetHints":{"allow":["GET"]}}],"collection":[{"href":"https:\/\/eldiariodesanpedro.com.ar\/sitio\/wp-json\/wp\/v2\/posts"}],"about":[{"href":"https:\/\/eldiariodesanpedro.com.ar\/sitio\/wp-json\/wp\/v2\/types\/post"}],"author":[{"embeddable":true,"href":"https:\/\/eldiariodesanpedro.com.ar\/sitio\/wp-json\/wp\/v2\/users\/4"}],"replies":[{"embeddable":true,"href":"https:\/\/eldiariodesanpedro.com.ar\/sitio\/wp-json\/wp\/v2\/comments?post=102324"}],"version-history":[{"count":1,"href":"https:\/\/eldiariodesanpedro.com.ar\/sitio\/wp-json\/wp\/v2\/posts\/102324\/revisions"}],"predecessor-version":[{"id":102326,"href":"https:\/\/eldiariodesanpedro.com.ar\/sitio\/wp-json\/wp\/v2\/posts\/102324\/revisions\/102326"}],"wp:featuredmedia":[{"embeddable":true,"href":"https:\/\/eldiariodesanpedro.com.ar\/sitio\/wp-json\/wp\/v2\/media\/102325"}],"wp:attachment":[{"href":"https:\/\/eldiariodesanpedro.com.ar\/sitio\/wp-json\/wp\/v2\/media?parent=102324"}],"wp:term":[{"taxonomy":"category","embeddable":true,"href":"https:\/\/eldiariodesanpedro.com.ar\/sitio\/wp-json\/wp\/v2\/categories?post=102324"},{"taxonomy":"post_tag","embeddable":true,"href":"https:\/\/eldiariodesanpedro.com.ar\/sitio\/wp-json\/wp\/v2\/tags?post=102324"}],"curies":[{"name":"wp","href":"https:\/\/api.w.org\/{rel}","templated":true}]}}