{"id":102321,"date":"2021-12-17T15:32:30","date_gmt":"2021-12-17T18:32:30","guid":{"rendered":"https:\/\/eldiariodesanpedro.com.ar\/sitio\/?p=102321"},"modified":"2021-12-17T15:32:31","modified_gmt":"2021-12-17T18:32:31","slug":"se-mantiene-la-recomendacion-para-no-banarse-en-la-zona-riberena","status":"publish","type":"post","link":"https:\/\/eldiariodesanpedro.com.ar\/sitio\/se-mantiene-la-recomendacion-para-no-banarse-en-la-zona-riberena\/","title":{"rendered":"Se mantiene la recomendaci\u00f3n para no ba\u00f1arse en la zona ribere\u00f1a"},"content":{"rendered":"<!-- VideographyWP Plugin Message: Automatic video embedding prevented by plugin options. -->\n\n<p>La Secretar\u00eda de Salud informar\u00e1 la semana pr\u00f3xima, cuando se reciban los resultados correspondientes con la toma de muestras concretada en diferentes puntos de la zona costera, para determinar la situaci\u00f3n con relaci\u00f3n a la presencia de cianobacterias.<\/p>\n\n\n\n<p>Hasta que esto suceda, desde la Secretar\u00eda de Salud de la Municipalidad de San Pedro se mantienen las recomendaciones de evitar ba\u00f1arse en nuestra zona.<\/p>\n\n\n\n<p>La medida ha sido tomada en otras ciudades de la regi\u00f3n a la espera de estos informes ya que las cianobacterias son perjudiciales para la salud y pueden causar problemas dermatol\u00f3gicos y cuadros pseudo-gripales, sobre todo en ni\u00f1os.<\/p>\n\n\n\n<p>La Provincia de Buenos Aires viene realizando adem\u00e1s un seguimiento del tema y si bien hasta el momento no se ha incluido nuestra cuenca en las zonas de alerta, preventivamente se activan estos procedimientos hasta contar con mayor informaci\u00f3n. &#8211; M\u00e1s informaci\u00f3n aqu\u00ed: <a href=\"https:\/\/gba.gob.ar\/cianobacterias\">https:\/\/gba.gob.ar\/cianobacterias<\/a><\/p>\n","protected":false},"excerpt":{"rendered":"<p>La Secretar\u00eda de Salud informar\u00e1 la semana pr\u00f3xima, cuando se reciban los resultados correspondientes con la toma de muestras concretada en diferentes puntos de la zona costera, para determinar la situaci\u00f3n con relaci\u00f3n a la presencia de cianobacterias. Hasta que esto suceda, desde la Secretar\u00eda de Salud de la Municipalidad de San Pedro se mantienen [&hellip;]<\/p>\n","protected":false},"author":4,"featured_media":102322,"comment_status":"closed","ping_status":"closed","sticky":false,"template":"","format":"standard","meta":{"om_disable_all_campaigns":false,"_jetpack_memberships_contains_paid_content":false,"footnotes":""},"categories":[50,101,2],"tags":[],"class_list":["post-102321","post","type-post","status-publish","format-standard","has-post-thumbnail","hentry","category-destacadas","category-interes-general-locales","category-locales"],"aioseo_notices":[],"gutentor_comment":0,"jetpack_featured_media_url":"https:\/\/eldiariodesanpedro.com.ar\/sitio\/wp-content\/uploads\/2021\/12\/unnamed-1.jpg","jetpack_shortlink":"https:\/\/wp.me\/p6RhLt-qCl","jetpack_sharing_enabled":true,"_links":{"self":[{"href":"https:\/\/eldiariodesanpedro.com.ar\/sitio\/wp-json\/wp\/v2\/posts\/102321","targetHints":{"allow":["GET"]}}],"collection":[{"href":"https:\/\/eldiariodesanpedro.com.ar\/sitio\/wp-json\/wp\/v2\/posts"}],"about":[{"href":"https:\/\/eldiariodesanpedro.com.ar\/sitio\/wp-json\/wp\/v2\/types\/post"}],"author":[{"embeddable":true,"href":"https:\/\/eldiariodesanpedro.com.ar\/sitio\/wp-json\/wp\/v2\/users\/4"}],"replies":[{"embeddable":true,"href":"https:\/\/eldiariodesanpedro.com.ar\/sitio\/wp-json\/wp\/v2\/comments?post=102321"}],"version-history":[{"count":1,"href":"https:\/\/eldiariodesanpedro.com.ar\/sitio\/wp-json\/wp\/v2\/posts\/102321\/revisions"}],"predecessor-version":[{"id":102323,"href":"https:\/\/eldiariodesanpedro.com.ar\/sitio\/wp-json\/wp\/v2\/posts\/102321\/revisions\/102323"}],"wp:featuredmedia":[{"embeddable":true,"href":"https:\/\/eldiariodesanpedro.com.ar\/sitio\/wp-json\/wp\/v2\/media\/102322"}],"wp:attachment":[{"href":"https:\/\/eldiariodesanpedro.com.ar\/sitio\/wp-json\/wp\/v2\/media?parent=102321"}],"wp:term":[{"taxonomy":"category","embeddable":true,"href":"https:\/\/eldiariodesanpedro.com.ar\/sitio\/wp-json\/wp\/v2\/categories?post=102321"},{"taxonomy":"post_tag","embeddable":true,"href":"https:\/\/eldiariodesanpedro.com.ar\/sitio\/wp-json\/wp\/v2\/tags?post=102321"}],"curies":[{"name":"wp","href":"https:\/\/api.w.org\/{rel}","templated":true}]}}