{"id":102319,"date":"2021-12-17T15:26:31","date_gmt":"2021-12-17T18:26:31","guid":{"rendered":"https:\/\/eldiariodesanpedro.com.ar\/sitio\/?p=102319"},"modified":"2021-12-17T15:26:32","modified_gmt":"2021-12-17T18:26:32","slug":"edicto-de-prescripcion-adquisitiva-maggio-gustavo-c-martinez-aniceto","status":"publish","type":"post","link":"https:\/\/eldiariodesanpedro.com.ar\/sitio\/edicto-de-prescripcion-adquisitiva-maggio-gustavo-c-martinez-aniceto\/","title":{"rendered":"Edicto de Prescripci\u00f3n Adquisitiva Maggio, Gustavo c\/ Martinez, Aniceto"},"content":{"rendered":"<!-- VideographyWP Plugin Message: Automatic video embedding prevented by plugin options. -->\n\n<p>El Juzgado de Paz Letrado de San Pedro, a cargo del Dr. Jos\u00e9 Ignacio Macchia, Secretar\u00eda \u00danica, a cargo del Dr. Facundo Vell\u00f3n, del Departamento Judicial de San Nicol\u00e1s, en autos: \u201cMAGGIO, GUSTAVO C\/ MARTINEZ, ANICETO Y\/O QUIEN RESULTE PROPIETARIO S\/ PRESCRIPCION ADQUISITIVA\u201d (Expte. N\u00ba 14174-11), cita y emplaza a MARTINEZ ANICETO y\/o sus herederos y\/o quienes se consideren con derechos al inmueble que se intenta prescribir sito en la ciudad de San Pedro (Circunscripci\u00f3n 1Secci\u00f3n E Manzana 374 Parcela 4) y que seg\u00fan plano de mensura mide: diecis\u00e9is metros con ocho cent\u00edmetros por su frente al Sud Oeste, lindando con calle Dr. Norberto D\u00e1vila, por diecis\u00e9is metros con ocho cent\u00edmetros por su fondo al Nord Este lindando con parcela dos-a, parte de parcela uno-a y dos-e, treinta y cuatro cent\u00edmetros al Nord-Oeste lindando con parcela cinco-a, e igual medida por el costado Sud-Este, lindando con parte parcela tres-c y tres-b.- Superficie total: Quinientos cincuenta y siete metros un cent\u00edmetros cuadrados, para que dentro del plazo de diez d\u00edas comparezcan a estos autos a estar a derecho bajo apercibimiento de que si no lo hicieren se nombrar\u00e1 Defensor Oficial para que los represente (arts. 681 y 682 C.P.C.C).- SAN PEDRO, 16 de Diciembre de 2021.-<\/p>\n\n\n\n<p>FACUNDO VELL\u00d3N <br>ABOGADO SECRETARIO<\/p>\n\n\n\n<p>(Publicacion valida para los d\u00edas 17 y 18 de diciembre de 2021) <br><a href=\"https:\/\/notificaciones.scba.gov.ar\/verificarnotificacion.aspx?codNotif=ZD3KS5\">https:\/\/notificaciones.scba.gov.ar\/verificarnotificacion.aspx?codNotif=ZD3KS5<\/a><\/p>\n","protected":false},"excerpt":{"rendered":"<p>El Juzgado de Paz Letrado de San Pedro, a cargo del Dr. Jos\u00e9 Ignacio Macchia, Secretar\u00eda \u00danica, a cargo del Dr. Facundo Vell\u00f3n, del Departamento Judicial de San Nicol\u00e1s, en autos: \u201cMAGGIO, GUSTAVO C\/ MARTINEZ, ANICETO Y\/O QUIEN RESULTE PROPIETARIO S\/ PRESCRIPCION ADQUISITIVA\u201d (Expte. N\u00ba 14174-11), cita y emplaza a MARTINEZ ANICETO y\/o sus herederos [&hellip;]<\/p>\n","protected":false},"author":4,"featured_media":81115,"comment_status":"closed","ping_status":"closed","sticky":false,"template":"","format":"standard","meta":{"om_disable_all_campaigns":false,"_jetpack_memberships_contains_paid_content":false,"footnotes":""},"categories":[676,677],"tags":[2556,1121,2555,2554,1355,1122],"class_list":["post-102319","post","type-post","status-publish","format-standard","has-post-thumbnail","hentry","category-edictos","category-edictos-sucesorios","tag-aniceto","tag-edicto","tag-edicto-de-prescripcion-adquisitiva-maggio","tag-gustavo-c-martinez","tag-judiciales","tag-sucesion"],"aioseo_notices":[],"gutentor_comment":0,"jetpack_featured_media_url":"https:\/\/eldiariodesanpedro.com.ar\/sitio\/wp-content\/uploads\/2020\/09\/Poder-Judicial.jpg","jetpack_shortlink":"https:\/\/wp.me\/p6RhLt-qCj","jetpack_sharing_enabled":true,"_links":{"self":[{"href":"https:\/\/eldiariodesanpedro.com.ar\/sitio\/wp-json\/wp\/v2\/posts\/102319","targetHints":{"allow":["GET"]}}],"collection":[{"href":"https:\/\/eldiariodesanpedro.com.ar\/sitio\/wp-json\/wp\/v2\/posts"}],"about":[{"href":"https:\/\/eldiariodesanpedro.com.ar\/sitio\/wp-json\/wp\/v2\/types\/post"}],"author":[{"embeddable":true,"href":"https:\/\/eldiariodesanpedro.com.ar\/sitio\/wp-json\/wp\/v2\/users\/4"}],"replies":[{"embeddable":true,"href":"https:\/\/eldiariodesanpedro.com.ar\/sitio\/wp-json\/wp\/v2\/comments?post=102319"}],"version-history":[{"count":1,"href":"https:\/\/eldiariodesanpedro.com.ar\/sitio\/wp-json\/wp\/v2\/posts\/102319\/revisions"}],"predecessor-version":[{"id":102320,"href":"https:\/\/eldiariodesanpedro.com.ar\/sitio\/wp-json\/wp\/v2\/posts\/102319\/revisions\/102320"}],"wp:featuredmedia":[{"embeddable":true,"href":"https:\/\/eldiariodesanpedro.com.ar\/sitio\/wp-json\/wp\/v2\/media\/81115"}],"wp:attachment":[{"href":"https:\/\/eldiariodesanpedro.com.ar\/sitio\/wp-json\/wp\/v2\/media?parent=102319"}],"wp:term":[{"taxonomy":"category","embeddable":true,"href":"https:\/\/eldiariodesanpedro.com.ar\/sitio\/wp-json\/wp\/v2\/categories?post=102319"},{"taxonomy":"post_tag","embeddable":true,"href":"https:\/\/eldiariodesanpedro.com.ar\/sitio\/wp-json\/wp\/v2\/tags?post=102319"}],"curies":[{"name":"wp","href":"https:\/\/api.w.org\/{rel}","templated":true}]}}