{"id":102314,"date":"2021-12-17T14:57:14","date_gmt":"2021-12-17T17:57:14","guid":{"rendered":"https:\/\/eldiariodesanpedro.com.ar\/sitio\/?p=102314"},"modified":"2021-12-17T14:57:16","modified_gmt":"2021-12-17T17:57:16","slug":"solicitud-de-cotizacion-para-la-provision-de-utensilios-de-cocina-y-vajillas-de-comedor","status":"publish","type":"post","link":"https:\/\/eldiariodesanpedro.com.ar\/sitio\/solicitud-de-cotizacion-para-la-provision-de-utensilios-de-cocina-y-vajillas-de-comedor\/","title":{"rendered":"Solicitud de cotizaci\u00f3n para la provisi\u00f3n de utensilios de cocina y vajillas de comedor"},"content":{"rendered":"<!-- VideographyWP Plugin Message: Automatic video embedding prevented by plugin options. -->\n\n<p>Consejo Escolar informa que desde\u00a0el 20 al 22 de diciembre de 2021 estar\u00e1 a disposici\u00f3n la solicitud de cotizaci\u00f3n para la provisi\u00f3n de utensilios de cocina y vajillas de comedor.\u00a0<\/p>\n\n\n\n<p>Apertura de ofertas\u00a0el 23 de enero de 2021 a las 9,00 hs. El retiro de la solicitud y las consultas se har\u00e1n en la Sede del Consejo Escolar (Ayacucho e Ituzaing\u00f3) de 8 a 12 hs.<\/p>\n","protected":false},"excerpt":{"rendered":"<p>Consejo Escolar informa que desde\u00a0el 20 al 22 de diciembre de 2021 estar\u00e1 a disposici\u00f3n la solicitud de cotizaci\u00f3n para la provisi\u00f3n de utensilios de cocina y vajillas de comedor.\u00a0 Apertura de ofertas\u00a0el 23 de enero de 2021 a las 9,00 hs. El retiro de la solicitud y las consultas se har\u00e1n en la Sede [&hellip;]<\/p>\n","protected":false},"author":4,"featured_media":102315,"comment_status":"closed","ping_status":"closed","sticky":false,"template":"","format":"standard","meta":{"om_disable_all_campaigns":false,"_jetpack_memberships_contains_paid_content":false,"footnotes":""},"categories":[815,676],"tags":[197,696,33,19],"class_list":["post-102314","post","type-post","status-publish","format-standard","has-post-thumbnail","hentry","category-consejo-escolar","category-edictos","tag-buenos-aires","tag-interes-general","tag-locales","tag-san-pedro"],"aioseo_notices":[],"gutentor_comment":0,"jetpack_featured_media_url":"https:\/\/eldiariodesanpedro.com.ar\/sitio\/wp-content\/uploads\/2021\/12\/Concejo-escolar-17-12-2021.jpg","jetpack_shortlink":"https:\/\/wp.me\/p6RhLt-qCe","jetpack_sharing_enabled":true,"_links":{"self":[{"href":"https:\/\/eldiariodesanpedro.com.ar\/sitio\/wp-json\/wp\/v2\/posts\/102314","targetHints":{"allow":["GET"]}}],"collection":[{"href":"https:\/\/eldiariodesanpedro.com.ar\/sitio\/wp-json\/wp\/v2\/posts"}],"about":[{"href":"https:\/\/eldiariodesanpedro.com.ar\/sitio\/wp-json\/wp\/v2\/types\/post"}],"author":[{"embeddable":true,"href":"https:\/\/eldiariodesanpedro.com.ar\/sitio\/wp-json\/wp\/v2\/users\/4"}],"replies":[{"embeddable":true,"href":"https:\/\/eldiariodesanpedro.com.ar\/sitio\/wp-json\/wp\/v2\/comments?post=102314"}],"version-history":[{"count":1,"href":"https:\/\/eldiariodesanpedro.com.ar\/sitio\/wp-json\/wp\/v2\/posts\/102314\/revisions"}],"predecessor-version":[{"id":102316,"href":"https:\/\/eldiariodesanpedro.com.ar\/sitio\/wp-json\/wp\/v2\/posts\/102314\/revisions\/102316"}],"wp:featuredmedia":[{"embeddable":true,"href":"https:\/\/eldiariodesanpedro.com.ar\/sitio\/wp-json\/wp\/v2\/media\/102315"}],"wp:attachment":[{"href":"https:\/\/eldiariodesanpedro.com.ar\/sitio\/wp-json\/wp\/v2\/media?parent=102314"}],"wp:term":[{"taxonomy":"category","embeddable":true,"href":"https:\/\/eldiariodesanpedro.com.ar\/sitio\/wp-json\/wp\/v2\/categories?post=102314"},{"taxonomy":"post_tag","embeddable":true,"href":"https:\/\/eldiariodesanpedro.com.ar\/sitio\/wp-json\/wp\/v2\/tags?post=102314"}],"curies":[{"name":"wp","href":"https:\/\/api.w.org\/{rel}","templated":true}]}}