{"id":102303,"date":"2021-12-16T11:34:20","date_gmt":"2021-12-16T14:34:20","guid":{"rendered":"https:\/\/eldiariodesanpedro.com.ar\/sitio\/?p=102303"},"modified":"2021-12-16T11:34:22","modified_gmt":"2021-12-16T14:34:22","slug":"reunion-entre-la-defensoria-del-pueblo-bonaerense-y-el-intendente-ramon-salazar","status":"publish","type":"post","link":"https:\/\/eldiariodesanpedro.com.ar\/sitio\/reunion-entre-la-defensoria-del-pueblo-bonaerense-y-el-intendente-ramon-salazar\/","title":{"rendered":"Reuni\u00f3n entre la Defensor\u00eda del Pueblo bonaerense y el intendente Ram\u00f3n Salazar"},"content":{"rendered":"<!-- VideographyWP Plugin Message: Automatic video embedding prevented by plugin options. -->\n\n<p>El Dr. Ram\u00f3n Salazar recibi\u00f3 este mi\u00e9rcoles, junto al secretario de Gobierno Pablo Vlaeminck y al secretario de Coordinaci\u00f3n Hern\u00e1n Contreras, al secretario de Atenci\u00f3n, Orientaci\u00f3n al Ciudadano y Desarrollo Territorial de la Defensor\u00eda del Pueblo de la Provincia de Buenos Aires Federico Santarelli.<\/p>\n\n\n\n<p>Entre los principales ejes abordados, los funcionarios manifestaron la importancia de elaborar una agenda com\u00fan entre los organismos a fin de trabajar en conjunto las principales problem\u00e1ticas vinculadas, entre otras, a la regularizaci\u00f3n de las asociaciones civiles en San Pedro, campa\u00f1as vinculadas a la concientizaci\u00f3n sobre seguridad vial, aspectos vinculados a mediaci\u00f3n comunitaria y cuestiones de g\u00e9nero y diversidad.<br>En este sentido, Santarelli manifest\u00f3 que \u201ces un honor estar en representaci\u00f3n del Defensor del Pueblo bonaerense, Guido Lorenzino, que nos permite estar presentes, y as\u00ed poder profundizar pol\u00edticas p\u00fablicas, acompa\u00f1ando, estando en el territorio y fortaleciendo los v\u00ednculos para las y los vecinos que m\u00e1s nos necesitan a trav\u00e9s de las 50 delegaciones que funcionan en la Provincia\u201d.<\/p>\n\n\n\n<p>Por su parte, Salazar, subray\u00f3 que \u201ces un compromiso muy importante la puesta en funciones de una secretaria vinculada a materias de g\u00e9nero, y poder estar cada d\u00eda m\u00e1s presentes en la ciudad\u201d.<\/p>\n\n\n\n<p>Del encuentro tambi\u00e9n estuvieron presentes, por la Defensor\u00eda del Pueblo de la provincia de Buenos Aires, Sabrina Benito, titular del \u00e1rea de Asociaciones Civiles; Diego Solana, a cargo de la Delegaci\u00f3n del organismo, y Ayelen Zanel, integrante del equipo de la Delegaci\u00f3n.<\/p>\n\n\n\n<figure class=\"wp-block-image size-full\"><img decoding=\"async\" width=\"840\" height=\"630\" data-attachment-id=\"102305\" data-permalink=\"https:\/\/eldiariodesanpedro.com.ar\/sitio\/reunion-entre-la-defensoria-del-pueblo-bonaerense-y-el-intendente-ramon-salazar\/whatsapp-image-2021-12-15-at-17-52-07-1\/\" data-orig-file=\"https:\/\/eldiariodesanpedro.com.ar\/sitio\/wp-content\/uploads\/2021\/12\/WhatsApp-Image-2021-12-15-at-17.52.07-1.jpeg\" data-orig-size=\"840,630\" data-comments-opened=\"0\" data-image-meta=\"{&quot;aperture&quot;:&quot;0&quot;,&quot;credit&quot;:&quot;&quot;,&quot;camera&quot;:&quot;&quot;,&quot;caption&quot;:&quot;&quot;,&quot;created_timestamp&quot;:&quot;0&quot;,&quot;copyright&quot;:&quot;&quot;,&quot;focal_length&quot;:&quot;0&quot;,&quot;iso&quot;:&quot;0&quot;,&quot;shutter_speed&quot;:&quot;0&quot;,&quot;title&quot;:&quot;&quot;,&quot;orientation&quot;:&quot;0&quot;}\" data-image-title=\"WhatsApp Image 2021-12-15 at 17.52.07 (1)\" data-image-description=\"\" data-image-caption=\"\" data-large-file=\"https:\/\/eldiariodesanpedro.com.ar\/sitio\/wp-content\/uploads\/2021\/12\/WhatsApp-Image-2021-12-15-at-17.52.07-1.jpeg\" data-src=\"https:\/\/eldiariodesanpedro.com.ar\/sitio\/wp-content\/uploads\/2021\/12\/WhatsApp-Image-2021-12-15-at-17.52.07-1.jpeg\" alt=\"\" class=\"wp-image-102305 lazyload\" data-srcset=\"https:\/\/eldiariodesanpedro.com.ar\/sitio\/wp-content\/uploads\/2021\/12\/WhatsApp-Image-2021-12-15-at-17.52.07-1.jpeg 840w, https:\/\/eldiariodesanpedro.com.ar\/sitio\/wp-content\/uploads\/2021\/12\/WhatsApp-Image-2021-12-15-at-17.52.07-1-300x225.jpeg 300w, https:\/\/eldiariodesanpedro.com.ar\/sitio\/wp-content\/uploads\/2021\/12\/WhatsApp-Image-2021-12-15-at-17.52.07-1-768x576.jpeg 768w, https:\/\/eldiariodesanpedro.com.ar\/sitio\/wp-content\/uploads\/2021\/12\/WhatsApp-Image-2021-12-15-at-17.52.07-1-500x375.jpeg 500w\" data-sizes=\"(max-width: 840px) 100vw, 840px\" src=\"data:image\/svg+xml;base64,PHN2ZyB3aWR0aD0iMSIgaGVpZ2h0PSIxIiB4bWxucz0iaHR0cDovL3d3dy53My5vcmcvMjAwMC9zdmciPjwvc3ZnPg==\" style=\"--smush-placeholder-width: 840px; --smush-placeholder-aspect-ratio: 840\/630;\" \/><\/figure>\n","protected":false},"excerpt":{"rendered":"<p>El Dr. Ram\u00f3n Salazar recibi\u00f3 este mi\u00e9rcoles, junto al secretario de Gobierno Pablo Vlaeminck y al secretario de Coordinaci\u00f3n Hern\u00e1n Contreras, al secretario de Atenci\u00f3n, Orientaci\u00f3n al Ciudadano y Desarrollo Territorial de la Defensor\u00eda del Pueblo de la Provincia de Buenos Aires Federico Santarelli. Entre los principales ejes abordados, los funcionarios manifestaron la importancia de [&hellip;]<\/p>\n","protected":false},"author":4,"featured_media":102304,"comment_status":"closed","ping_status":"closed","sticky":false,"template":"","format":"standard","meta":{"om_disable_all_campaigns":false,"_jetpack_memberships_contains_paid_content":false,"footnotes":""},"categories":[50,101,2],"tags":[197,696,33,19],"class_list":["post-102303","post","type-post","status-publish","format-standard","has-post-thumbnail","hentry","category-destacadas","category-interes-general-locales","category-locales","tag-buenos-aires","tag-interes-general","tag-locales","tag-san-pedro"],"aioseo_notices":[],"gutentor_comment":0,"jetpack_featured_media_url":"https:\/\/eldiariodesanpedro.com.ar\/sitio\/wp-content\/uploads\/2021\/12\/WhatsApp-Image-2021-12-15-at-17.52.07.jpeg","jetpack_shortlink":"https:\/\/wp.me\/p6RhLt-qC3","jetpack_sharing_enabled":true,"_links":{"self":[{"href":"https:\/\/eldiariodesanpedro.com.ar\/sitio\/wp-json\/wp\/v2\/posts\/102303","targetHints":{"allow":["GET"]}}],"collection":[{"href":"https:\/\/eldiariodesanpedro.com.ar\/sitio\/wp-json\/wp\/v2\/posts"}],"about":[{"href":"https:\/\/eldiariodesanpedro.com.ar\/sitio\/wp-json\/wp\/v2\/types\/post"}],"author":[{"embeddable":true,"href":"https:\/\/eldiariodesanpedro.com.ar\/sitio\/wp-json\/wp\/v2\/users\/4"}],"replies":[{"embeddable":true,"href":"https:\/\/eldiariodesanpedro.com.ar\/sitio\/wp-json\/wp\/v2\/comments?post=102303"}],"version-history":[{"count":1,"href":"https:\/\/eldiariodesanpedro.com.ar\/sitio\/wp-json\/wp\/v2\/posts\/102303\/revisions"}],"predecessor-version":[{"id":102306,"href":"https:\/\/eldiariodesanpedro.com.ar\/sitio\/wp-json\/wp\/v2\/posts\/102303\/revisions\/102306"}],"wp:featuredmedia":[{"embeddable":true,"href":"https:\/\/eldiariodesanpedro.com.ar\/sitio\/wp-json\/wp\/v2\/media\/102304"}],"wp:attachment":[{"href":"https:\/\/eldiariodesanpedro.com.ar\/sitio\/wp-json\/wp\/v2\/media?parent=102303"}],"wp:term":[{"taxonomy":"category","embeddable":true,"href":"https:\/\/eldiariodesanpedro.com.ar\/sitio\/wp-json\/wp\/v2\/categories?post=102303"},{"taxonomy":"post_tag","embeddable":true,"href":"https:\/\/eldiariodesanpedro.com.ar\/sitio\/wp-json\/wp\/v2\/tags?post=102303"}],"curies":[{"name":"wp","href":"https:\/\/api.w.org\/{rel}","templated":true}]}}