{"id":10230,"date":"2016-11-15T08:07:37","date_gmt":"2016-11-15T11:07:37","guid":{"rendered":"https:\/\/eldiariodesanpedro.com.ar\/sitio\/?p=10230"},"modified":"2016-11-15T08:07:37","modified_gmt":"2016-11-15T11:07:37","slug":"detenido-por-violencia-de-genero","status":"publish","type":"post","link":"https:\/\/eldiariodesanpedro.com.ar\/sitio\/detenido-por-violencia-de-genero\/","title":{"rendered":"Detenido por violencia de g\u00e9nero"},"content":{"rendered":"<p><!-- VideographyWP Plugin Message: Automatic video embedding prevented by plugin options. --><br \/>\nEn el d\u00eda de ayer a las 06:30 hs. personal policial de la comisar\u00eda local se hizo presente en un domicilio de nuestra ciudad donde se procedi\u00f3 a la detenci\u00f3n de un hombre mayor de edad quien se encontraba golpeando en el rostro a su concubina en presencia de su peque\u00f1o hijo.<\/p>\n<p>Al arribar el m\u00f3vil policial el agresor igualmente sigue golpeando provocandole lesiones en su cara siendo trasladada la mujer a la comisar\u00eda de la mujer y la familia donde recibi\u00f3 la atenci\u00f3n necesaria. Por su parte el golpeador se encuentra detenido en la comisar\u00eda local.  <\/p>\n","protected":false},"excerpt":{"rendered":"<p>En el d\u00eda de ayer a las 06:30 hs. personal policial de la comisar\u00eda local se hizo presente en un domicilio de nuestra ciudad donde se procedi\u00f3 a la detenci\u00f3n de un hombre mayor de edad quien se encontraba golpeando en el rostro a su concubina en presencia de su peque\u00f1o hijo. Al arribar el [&hellip;]<\/p>\n","protected":false},"author":4,"featured_media":3957,"comment_status":"open","ping_status":"closed","sticky":false,"template":"","format":"standard","meta":{"om_disable_all_campaigns":false,"_jetpack_memberships_contains_paid_content":false,"footnotes":""},"categories":[2,103],"tags":[],"class_list":["post-10230","post","type-post","status-publish","format-standard","has-post-thumbnail","hentry","category-locales","category-policiales-locales"],"aioseo_notices":[],"gutentor_comment":0,"jetpack_featured_media_url":"https:\/\/eldiariodesanpedro.com.ar\/sitio\/wp-content\/uploads\/2016\/05\/violencia-femenina-2.jpg","jetpack_shortlink":"https:\/\/wp.me\/p6RhLt-2F0","jetpack_sharing_enabled":true,"_links":{"self":[{"href":"https:\/\/eldiariodesanpedro.com.ar\/sitio\/wp-json\/wp\/v2\/posts\/10230","targetHints":{"allow":["GET"]}}],"collection":[{"href":"https:\/\/eldiariodesanpedro.com.ar\/sitio\/wp-json\/wp\/v2\/posts"}],"about":[{"href":"https:\/\/eldiariodesanpedro.com.ar\/sitio\/wp-json\/wp\/v2\/types\/post"}],"author":[{"embeddable":true,"href":"https:\/\/eldiariodesanpedro.com.ar\/sitio\/wp-json\/wp\/v2\/users\/4"}],"replies":[{"embeddable":true,"href":"https:\/\/eldiariodesanpedro.com.ar\/sitio\/wp-json\/wp\/v2\/comments?post=10230"}],"version-history":[{"count":1,"href":"https:\/\/eldiariodesanpedro.com.ar\/sitio\/wp-json\/wp\/v2\/posts\/10230\/revisions"}],"predecessor-version":[{"id":10231,"href":"https:\/\/eldiariodesanpedro.com.ar\/sitio\/wp-json\/wp\/v2\/posts\/10230\/revisions\/10231"}],"wp:featuredmedia":[{"embeddable":true,"href":"https:\/\/eldiariodesanpedro.com.ar\/sitio\/wp-json\/wp\/v2\/media\/3957"}],"wp:attachment":[{"href":"https:\/\/eldiariodesanpedro.com.ar\/sitio\/wp-json\/wp\/v2\/media?parent=10230"}],"wp:term":[{"taxonomy":"category","embeddable":true,"href":"https:\/\/eldiariodesanpedro.com.ar\/sitio\/wp-json\/wp\/v2\/categories?post=10230"},{"taxonomy":"post_tag","embeddable":true,"href":"https:\/\/eldiariodesanpedro.com.ar\/sitio\/wp-json\/wp\/v2\/tags?post=10230"}],"curies":[{"name":"wp","href":"https:\/\/api.w.org\/{rel}","templated":true}]}}